{"id":306930,"date":"2025-08-09T08:25:11","date_gmt":"2025-08-09T08:25:11","guid":{"rendered":"https:\/\/www.europesays.com\/fr\/306930\/"},"modified":"2025-08-09T08:25:11","modified_gmt":"2025-08-09T08:25:11","slug":"cette-chaussure-dadidas-irrite-tellement-au-mexique-que-le-gouvernement-reclame-un-dedommagement","status":"publish","type":"post","link":"https:\/\/www.europesays.com\/fr\/306930\/","title":{"rendered":"Cette chaussure d\u2019Adidas irrite tellement au Mexique que le gouvernement r\u00e9clame un d\u00e9dommagement"},"content":{"rendered":"<p>        <img decoding=\"async\" loading=\"lazy\" src=\"https:\/\/www.europesays.com\/fr\/wp-content\/uploads\/2025\/08\/12e65bf_upload-1-m5keqlt0zy0y-afp-20250508-group-lowering250506-npehe-v1-highres-loweringceremonyoft.jpeg\"  width=\"728\" height=\"409\" alt=\"Cette chaussure d\u2019Adidas irrite tellement au Mexique que le gouvernement r\u00e9clame un d\u00e9domagement\"\/>  <\/p>\n<p>EYEPIX \/ NurPhoto via AFP<\/p>\n<p>Cette chaussure d\u2019Adidas irrite tellement au Mexique que le gouvernement r\u00e9clame un d\u00e9domagement<\/p>\n<p class=\"asset asset-text\">MODE &#8211; \u00ab\u00a0Il doit y avoir r\u00e9paration.\u00a0\u00bb Le gouvernement du <a href=\"https:\/\/www.huffingtonpost.fr\/international\/article\/l-ex-compagnon-de-florence-cassez-acquitte-apres-20-ans-de-prison-au-mexique_253213.html\" target=\"_blank\" rel=\"noopener\">Mexique<\/a> r\u00e9clame \u00e0 <a href=\"https:\/\/www.huffingtonpost.fr\/international\/article\/cette-publicite-d-adidas-utilisant-l-acropole-ne-plait-pas-a-la-grece-qui-va-porter-plainte_250143.html\" target=\"_blank\" rel=\"noopener\">Adidas<\/a> un d\u00e9dommagement en faveur d\u2019une communaut\u00e9 de l\u2019\u00c9tat de Oaxaca (sud), accusant la marque d\u2019appropriation culturelle sur un de ses mod\u00e8les de <a href=\"https:\/\/www.huffingtonpost.fr\/culture\/article\/les-birkenstock-sont-elles-des-uvres-d-art-la-justice-allemande-a-tranche_246468.html\" target=\"_blank\" rel=\"noopener\">sandales.<\/a><\/p>\n<p class=\"asset asset-text\">Les autorit\u00e9s locales de Oaxaca avaient d\u00e9nonc\u00e9 au lancement du mod\u00e8le baptis\u00e9 \u00ab\u00a0Oaxaca Slip-On\u00a0\u00bb, con\u00e7u par le designer am\u00e9ricain d\u2019origine mexicaine Willy Chavarria, qu\u2019Adidas n\u2019avait ni autorisation ni exprim\u00e9 de reconnaissance envers ses cr\u00e9ateurs authentiques.<\/p>\n<p class=\"asset asset-text\">Le gouvernement mexicain a annonc\u00e9 vendredi 8\u00a0ao\u00fbt qu\u2019Adidas a accept\u00e9 de rencontrer les autorit\u00e9s de l\u2019\u00c9tat de Oaxaca. Celles-ci affirment que le design sur le mod\u00e8le de sandales provient de la communaut\u00e9 de Villa de Hidalgo Yalalag.<\/p>\n<p> La lecture de ce contenu est susceptible d\u2019entra\u00eener un d\u00e9p\u00f4t de cookies de la part de l\u2019op\u00e9rateur tiers qui l\u2019h\u00e9berge. Compte-tenu des choix que vous avez exprim\u00e9s en mati\u00e8re de d\u00e9p\u00f4t de cookies, nous avons bloqu\u00e9 l\u2019affichage de ce contenu. Si vous souhaitez y acc\u00e9der, vous devez accepter la cat\u00e9gorie de cookies \u201cContenus tiers\u201d en cliquant sur le bouton ci-dessous. <\/p>\n<p> Lire la Vid\u00e9o        <\/p>\n<p class=\"asset asset-text\">\u00ab\u00a0C\u2019est une propri\u00e9t\u00e9 intellectuelle, collective, il doit y avoir r\u00e9paration, il faut respecter la loi sur le patrimoine et nous verrons si cela se r\u00e9sout dans la discussion. Nous \u00e9tudions \u00e9galement la voie l\u00e9gale\u00a0\u00bb, a d\u00e9clar\u00e9 la pr\u00e9sidente mexicaine, Claudia Sheinbaum, lors de sa conf\u00e9rence de presse matinale habituelle. Le gouverneur de Oaxaca, Salomon Jara, a \u00e9galement menac\u00e9 d\u2019engager des poursuites contre Willy Chavarria.<\/p>\n<p class=\"asset asset-text\">Le Mexique a d\u00e9j\u00e0 d\u00e9nonc\u00e9 l\u2019utilisation non autoris\u00e9e de l\u2019art de ses communaut\u00e9s indig\u00e8nes par de grandes marques tels la chinoise Shein, l\u2019espagnole Zara ou la v\u00e9n\u00e9zu\u00e9lienne Carolina Herrera.<\/p>\n","protected":false},"excerpt":{"rendered":"EYEPIX \/ NurPhoto via AFP Cette chaussure d\u2019Adidas irrite tellement au Mexique que le gouvernement r\u00e9clame un d\u00e9domagement&hellip;\n","protected":false},"author":2,"featured_media":306931,"comment_status":"","ping_status":"","sticky":false,"template":"","format":"standard","meta":{"footnotes":""},"categories":[5],"tags":[11,1011,27,14,5697,985,12,23260,28],"class_list":{"0":"post-306930","1":"post","2":"type-post","3":"status-publish","4":"format-standard","5":"has-post-thumbnail","7":"category-international","8":"tag-actualites","9":"tag-fr","10":"tag-france","11":"tag-international","12":"tag-mexique","13":"tag-mode","14":"tag-news","15":"tag-peuples-autochtones","16":"tag-world"},"share_on_mastodon":{"url":"https:\/\/pubeurope.com\/@fr\/114997855815997406","error":""},"_links":{"self":[{"href":"https:\/\/www.europesays.com\/fr\/wp-json\/wp\/v2\/posts\/306930","targetHints":{"allow":["GET"]}}],"collection":[{"href":"https:\/\/www.europesays.com\/fr\/wp-json\/wp\/v2\/posts"}],"about":[{"href":"https:\/\/www.europesays.com\/fr\/wp-json\/wp\/v2\/types\/post"}],"author":[{"embeddable":true,"href":"https:\/\/www.europesays.com\/fr\/wp-json\/wp\/v2\/users\/2"}],"replies":[{"embeddable":true,"href":"https:\/\/www.europesays.com\/fr\/wp-json\/wp\/v2\/comments?post=306930"}],"version-history":[{"count":0,"href":"https:\/\/www.europesays.com\/fr\/wp-json\/wp\/v2\/posts\/306930\/revisions"}],"wp:featuredmedia":[{"embeddable":true,"href":"https:\/\/www.europesays.com\/fr\/wp-json\/wp\/v2\/media\/306931"}],"wp:attachment":[{"href":"https:\/\/www.europesays.com\/fr\/wp-json\/wp\/v2\/media?parent=306930"}],"wp:term":[{"taxonomy":"category","embeddable":true,"href":"https:\/\/www.europesays.com\/fr\/wp-json\/wp\/v2\/categories?post=306930"},{"taxonomy":"post_tag","embeddable":true,"href":"https:\/\/www.europesays.com\/fr\/wp-json\/wp\/v2\/tags?post=306930"}],"curies":[{"name":"wp","href":"https:\/\/api.w.org\/{rel}","templated":true}]}}