{"id":306946,"date":"2025-08-09T08:37:13","date_gmt":"2025-08-09T08:37:13","guid":{"rendered":"https:\/\/www.europesays.com\/fr\/306946\/"},"modified":"2025-08-09T08:37:13","modified_gmt":"2025-08-09T08:37:13","slug":"fc-rouen-fc-fleury-91-0-0","status":"publish","type":"post","link":"https:\/\/www.europesays.com\/fr\/306946\/","title":{"rendered":"FC Rouen &#8211; FC Fleury 91 : 0 &#8211; 0 &#8230;"},"content":{"rendered":"<p>Hier au soir, le stade Robert Diochon r\u00e9sonnait du \u00ab\u00a0Monde du silence\u00a0\u00bb.<\/p>\n<p>Il fallu un temps d\u2019adaptation pour entrer dans ce silence assourdissant, interrompu par le speaker s\u2019adressant au public ! <\/p>\n<p>En d\u00e9but de partie, les rouennais jouent haut, et se montrent pressant face \u00e0 des franciliens f\u00e9briles. <\/p>\n<p>Premi\u00e8re occasion pour Rapha\u00ebl Gerbeaud qui interceptait et partait seul au but, mais finissait par butter sur Ga\u00ebl Alette (6\u2032).<\/p>\n<p>S\u2019en suivirent les occasions de Kenny Rocha Santos (16\u2019) puis Omar Bezzekhami (17\u2019). <\/p>\n<p>Moins frileux, les  floriacumois s\u2019enhardissaient et Cl\u00e9ment Badin for\u00e7ait Axel Temperton \u00e0 s\u2019employer pour pr\u00e9server sa cage (23\u2019).<\/p>\n<p>Badin retentait sa chance (33\u2019). <\/p>\n<p>C\u00f4t\u00e9 rouge et blanc Titebah, d\u2019une frappe lointaine (45\u2032) ne concretisait pas.<\/p>\n<p>D\u00e8s le d\u00e9but de seconde p\u00e9riode, Fleury se montrait dangereux par Marvyn Belliard qui frappait juste au-dessus (46\u2019). <\/p>\n<p>Le jeu devenait brouillon et se durcissait, les deux \u00e9quipes tentant de faire la d\u00e9cision.<\/p>\n<p> K\u00e9vin Farade profitait d\u2019une erreur Rouennaise et trouvait le poteau droit de Temperton (65\u2019). <\/p>\n<p>Jason Mbock, nouvel entrant pla\u00e7ait une t\u00eate que le gardien francilien d\u00e9tournait d\u2019une claquette (68\u2019).<\/p>\n<p> Suite \u00e0 un cafouillage devant la ligne de Fleury, la tentative de Kenny Rocha Santos frappait le poteau, et voyait le ballon finir \u00ab\u00a0heureusement\u00a0\u00bb dans les gants d\u2019Alette (70\u2019).<\/p>\n<p>Les rouennais poussaient, et pour finir A\u00eft Moujane obligeait Alette \u00e0 une parade d\u00e9cisive (75\u2019).<\/p>\n<p>Suite \u00e0 un deuxi\u00e8me carton jaune A\u00eft Moujane se voyait expulser dans les arr\u00eats de jeu.<\/p>\n<p>Qu\u2019en tirer comme conclusion ?<\/p>\n<p>Dec\u00e9ption, frustration, regrets, et \u00ab\u00a0ceci et cela\u00a0\u00bb,  non !<\/p>\n<p>Match de d\u00e9but de saison dans une ambiance particuli\u00e8re, la route est tr\u00e8s longue.<\/p>\n<p>Souhaitons \u00ab\u00a0Bon voyage\u00a0\u00bb aux Diables Rouges.<\/p>\n","protected":false},"excerpt":{"rendered":"Hier au soir, le stade Robert Diochon r\u00e9sonnait du \u00ab\u00a0Monde du silence\u00a0\u00bb. Il fallu un temps d\u2019adaptation pour&hellip;\n","protected":false},"author":2,"featured_media":302579,"comment_status":"","ping_status":"","sticky":false,"template":"","format":"standard","meta":{"footnotes":""},"categories":[9587],"tags":[1111,11,1777,674,1011,27,12,5161,25,9590],"class_list":{"0":"post-306946","1":"post","2":"type-post","3":"status-publish","4":"format-standard","5":"has-post-thumbnail","7":"category-rouen","8":"tag-actu","9":"tag-actualites","10":"tag-eu","11":"tag-europe","12":"tag-fr","13":"tag-france","14":"tag-news","15":"tag-normandie","16":"tag-republique-francaise","17":"tag-rouen"},"share_on_mastodon":{"url":"https:\/\/pubeurope.com\/@fr\/114997902895014741","error":""},"_links":{"self":[{"href":"https:\/\/www.europesays.com\/fr\/wp-json\/wp\/v2\/posts\/306946","targetHints":{"allow":["GET"]}}],"collection":[{"href":"https:\/\/www.europesays.com\/fr\/wp-json\/wp\/v2\/posts"}],"about":[{"href":"https:\/\/www.europesays.com\/fr\/wp-json\/wp\/v2\/types\/post"}],"author":[{"embeddable":true,"href":"https:\/\/www.europesays.com\/fr\/wp-json\/wp\/v2\/users\/2"}],"replies":[{"embeddable":true,"href":"https:\/\/www.europesays.com\/fr\/wp-json\/wp\/v2\/comments?post=306946"}],"version-history":[{"count":0,"href":"https:\/\/www.europesays.com\/fr\/wp-json\/wp\/v2\/posts\/306946\/revisions"}],"wp:featuredmedia":[{"embeddable":true,"href":"https:\/\/www.europesays.com\/fr\/wp-json\/wp\/v2\/media\/302579"}],"wp:attachment":[{"href":"https:\/\/www.europesays.com\/fr\/wp-json\/wp\/v2\/media?parent=306946"}],"wp:term":[{"taxonomy":"category","embeddable":true,"href":"https:\/\/www.europesays.com\/fr\/wp-json\/wp\/v2\/categories?post=306946"},{"taxonomy":"post_tag","embeddable":true,"href":"https:\/\/www.europesays.com\/fr\/wp-json\/wp\/v2\/tags?post=306946"}],"curies":[{"name":"wp","href":"https:\/\/api.w.org\/{rel}","templated":true}]}}