{"id":306947,"date":"2025-08-09T08:39:15","date_gmt":"2025-08-09T08:39:15","guid":{"rendered":"https:\/\/www.europesays.com\/fr\/306947\/"},"modified":"2025-08-09T08:39:15","modified_gmt":"2025-08-09T08:39:15","slug":"le-gf38-se-rend-a-troyes-pour-la-reprise-de-la-ligue-2-de-football-2","status":"publish","type":"post","link":"https:\/\/www.europesays.com\/fr\/306947\/","title":{"rendered":"Le GF38 se rend \u00e0 Troyes pour la reprise de la Ligue 2 de football."},"content":{"rendered":"<p class=\"PopSlotParagraph qg-tx2 qg-xtra-lh svelte-1r0pyek\">Ils ont h\u00e2te. Apr\u00e8s un peu plus d&rsquo;un mois de pr\u00e9paration entraineurs et joueurs du GF38 sont impatients de retrouver le championnat de Ligue 2 ce samedi soir 9 ao\u00fbt. Grenoble, 9e de l&rsquo;exercice pr\u00e9c\u00e9dent, d\u00e9bute cette saison 2025-2026 par un d\u00e9placement \u00e0 Troyes.<\/p>\n<p> Un recrutement mesur\u00e9<\/p>\n<p class=\"PopSlotParagraph qg-tx2 qg-xtra-lh svelte-1r0pyek\">Comme beaucoup d&rsquo;autres clubs en Ligue 2 le GF38 a effectu\u00e9 un recrutement tr\u00e8s sage et, surtout, gratuit\u00a0: signatures de joueurs libres ou premier contrat professionnel pour Stone Mambo, Ange Lo\u00efc N&rsquo;Gatta, Baptiste Mouazan, Mathieu Mion et Nesta Zahui. Neuf joueurs ne sont plus dans l&rsquo;effectif\u00a0: Mamadou Diarra, Ayoub Jabbari, Nolan Mbemba, Arial Mendy, Lo\u00efc Nestor, Junior Olaitan, Dante Rigo, et Saikou Touray.<\/p>\n<p class=\"PopSlotParagraph qg-tx2 qg-xtra-lh svelte-1r0pyek\">Depuis la reprise l&rsquo;entraineur Franck Rizzetto trouve que \u00ab\u00a0le travail a \u00e9t\u00e9 bon\u00a0\u00bb, aid\u00e9 notamment par l&rsquo;arriv\u00e9e des recrues d\u00e8s la reprise. Le premier test grandeur nature c&rsquo;est ce samedi soir face \u00e0 un adversaire qui a inflig\u00e9 un s\u00e9v\u00e8re 5-0 au GF38 en match de pr\u00e9paration le 19 juillet dernier. N\u00e9anmoins \u00ab\u00a0chaque match a sa v\u00e9rit\u00e9\u00a0\u00bb pour Franck Rizzetto.<\/p>\n<p class=\"PopSlotParagraph qg-tx2 qg-xtra-lh svelte-1r0pyek\"><strong>Troyes-GF38, 1ere journ\u00e9e de Ligue 2 BKT, 20h au stade de l&rsquo;Aube.<\/strong><\/p>\n<p class=\"qg-sr-only\" role=\"heading\" aria-level=\"3\">Pour voir ce contenu, acceptez les cookies.<\/p>\n<p class=\"ConsentNotice-description qg-tx3 svelte-m9wmt1\">Pour afficher ce contenu X (anciennement Twitter), vous devez accepter les cookies <b>R\u00e9seaux Sociaux<\/b>.<br \/>Ces cookies permettent de partager ou r\u00e9agir directement sur les r\u00e9seaux sociaux auxquels vous \u00eates connect\u00e9s ou d&rsquo;int\u00e9grer du contenu initialement post\u00e9 sur ces r\u00e9seaux sociaux. Ils permettent aussi aux r\u00e9seaux sociaux d&rsquo;utiliser vos visites sur nos sites et applications \u00e0 des fins de personnalisation et de ciblage publicitaire.<\/p>\n<p>  G\u00e9rer mes choix     J&rsquo;autorise  <\/p>\n","protected":false},"excerpt":{"rendered":"Ils ont h\u00e2te. Apr\u00e8s un peu plus d&rsquo;un mois de pr\u00e9paration entraineurs et joueurs du GF38 sont impatients&hellip;\n","protected":false},"author":2,"featured_media":305597,"comment_status":"","ping_status":"","sticky":false,"template":"","format":"standard","meta":{"footnotes":""},"categories":[9566],"tags":[1111,11,2430,1777,674,1011,27,2731,12,25],"class_list":{"0":"post-306947","1":"post","2":"type-post","3":"status-publish","4":"format-standard","5":"has-post-thumbnail","7":"category-grenoble","8":"tag-actu","9":"tag-actualites","10":"tag-auvergne-rhone-alpes","11":"tag-eu","12":"tag-europe","13":"tag-fr","14":"tag-france","15":"tag-grenoble","16":"tag-news","17":"tag-republique-francaise"},"share_on_mastodon":{"url":"https:\/\/pubeurope.com\/@fr\/114997910746575614","error":""},"_links":{"self":[{"href":"https:\/\/www.europesays.com\/fr\/wp-json\/wp\/v2\/posts\/306947","targetHints":{"allow":["GET"]}}],"collection":[{"href":"https:\/\/www.europesays.com\/fr\/wp-json\/wp\/v2\/posts"}],"about":[{"href":"https:\/\/www.europesays.com\/fr\/wp-json\/wp\/v2\/types\/post"}],"author":[{"embeddable":true,"href":"https:\/\/www.europesays.com\/fr\/wp-json\/wp\/v2\/users\/2"}],"replies":[{"embeddable":true,"href":"https:\/\/www.europesays.com\/fr\/wp-json\/wp\/v2\/comments?post=306947"}],"version-history":[{"count":0,"href":"https:\/\/www.europesays.com\/fr\/wp-json\/wp\/v2\/posts\/306947\/revisions"}],"wp:featuredmedia":[{"embeddable":true,"href":"https:\/\/www.europesays.com\/fr\/wp-json\/wp\/v2\/media\/305597"}],"wp:attachment":[{"href":"https:\/\/www.europesays.com\/fr\/wp-json\/wp\/v2\/media?parent=306947"}],"wp:term":[{"taxonomy":"category","embeddable":true,"href":"https:\/\/www.europesays.com\/fr\/wp-json\/wp\/v2\/categories?post=306947"},{"taxonomy":"post_tag","embeddable":true,"href":"https:\/\/www.europesays.com\/fr\/wp-json\/wp\/v2\/tags?post=306947"}],"curies":[{"name":"wp","href":"https:\/\/api.w.org\/{rel}","templated":true}]}}