{"id":306948,"date":"2025-08-09T08:41:12","date_gmt":"2025-08-09T08:41:12","guid":{"rendered":"https:\/\/www.europesays.com\/fr\/306948\/"},"modified":"2025-08-09T08:41:12","modified_gmt":"2025-08-09T08:41:12","slug":"cest-quoi-ce-panache-de-fumee-apercu-sur-la-rocade","status":"publish","type":"post","link":"https:\/\/www.europesays.com\/fr\/306948\/","title":{"rendered":"c&rsquo;est quoi ce panache de fum\u00e9e aper\u00e7u sur la rocade\u00a0?"},"content":{"rendered":"<p>            Par<br \/>\n        <strong><br \/>\n            <a href=\"https:\/\/actu.fr\/auteur\/laurene-fertin\" title=\"Consulter tous les articles de Laur\u00e8ne Fertin\" rel=\"nofollow noopener\" target=\"_blank\">Laur\u00e8ne Fertin<\/a><br \/>\n        <\/strong><\/p>\n<p>        Publi\u00e9 le<\/p>\n<p>            9 ao\u00fbt 2025 \u00e0 10h22        <\/p>\n<p>Aux alentours de <strong>18h30<\/strong>, vendredi 8\u00a0ao\u00fbt 2025, de <strong>la fum\u00e9e<\/strong> s\u2019est \u00e9chapp\u00e9e de la <strong>rocade<\/strong> dans le sens ext\u00e9rieur entre la porte du Blosne\/Angers et la porte des Loges.<\/p>\n<p class=\" wall-content\">Un automobiliste, qui s\u2019est approch\u00e9 de <strong>l\u2019incendie,<\/strong> a pu constater qu<strong>\u2019un v\u00e9hicule \u00e9tait en proie aux flammes<\/strong>, stationn\u00e9 derri\u00e8re la barri\u00e8re de s\u00e9curit\u00e9.<\/p>\n<p>    <img   decoding=\"async\" loading=\"lazy\" src=\"https:\/\/www.europesays.com\/fr\/wp-content\/uploads\/2025\/08\/incendie-camionnette-voiture-rennes-rocade-2-720x640.jpg\" alt=\"xxx\" width=\"720\" height=\"640\"\/><br \/>\n    Le v\u00e9hicule, touch\u00e9 par les flammes, se situait derri\u00e8re la barri\u00e8re de s\u00e9curit\u00e9 sur la N136. (\u00a9Transmis \u00e0 actu Rennes)<\/p>\n<p class=\" wall-content\">Selon Bison Fut\u00e9, des <strong>bouchons<\/strong> de pr\u00e8s de 3 km se sont form\u00e9s sur la N136. Une r\u00e9duction du nombre de voies a \u00e9t\u00e9 appliqu\u00e9e \u00e0 tous les v\u00e9hicules.<\/p>\n<p class=\" wall-content\">Contact\u00e9 par <a href=\"https:\/\/actu.fr\/rennes\/\" rel=\"nofollow noopener\" target=\"_blank\">actu Rennes<\/a>, le Codis (centre op\u00e9rationnel d\u00e9partemental d\u2019incendie et de secours) n\u2019a pas souhait\u00e9 communiquer plus d\u2019informations \u00e0 ce sujet.<\/p>\n<p class=\" wall-content\">Suivez toute l\u2019actualit\u00e9 de vos villes et m\u00e9dias favoris en vous inscrivant \u00e0 <a href=\"https:\/\/moncompte.actu.fr\" title=\"D\u00e9couvez Mon Actu\" rel=\"nofollow noopener\" data-trk=\"{&quot;cta&quot;:{&quot;action&quot;:&quot;https:\\\/\\\/moncompte.actu.fr&quot;,&quot;category&quot;:&quot;mon compte&quot;,&quot;from&quot;:&quot;article footer&quot;,&quot;name&quot;:&quot;Mon actu&quot;,&quot;type&quot;:&quot;cta&quot;}}\" target=\"_blank\">Mon Actu<\/a>.<\/p>\n","protected":false},"excerpt":{"rendered":"Par Laur\u00e8ne Fertin Publi\u00e9 le 9 ao\u00fbt 2025 \u00e0 10h22 Aux alentours de 18h30, vendredi 8\u00a0ao\u00fbt 2025, de&hellip;\n","protected":false},"author":2,"featured_media":306949,"comment_status":"","ping_status":"","sticky":false,"template":"","format":"standard","meta":{"footnotes":""},"categories":[2821],"tags":[1111,11,829,1777,674,118,1011,27,1310,12,584,25],"class_list":{"0":"post-306948","1":"post","2":"type-post","3":"status-publish","4":"format-standard","5":"has-post-thumbnail","7":"category-rennes","8":"tag-actu","9":"tag-actualites","10":"tag-bretagne","11":"tag-eu","12":"tag-europe","13":"tag-faits-divers","14":"tag-fr","15":"tag-france","16":"tag-incendie","17":"tag-news","18":"tag-rennes","19":"tag-republique-francaise"},"share_on_mastodon":{"url":"https:\/\/pubeurope.com\/@fr\/114997918619620214","error":""},"_links":{"self":[{"href":"https:\/\/www.europesays.com\/fr\/wp-json\/wp\/v2\/posts\/306948","targetHints":{"allow":["GET"]}}],"collection":[{"href":"https:\/\/www.europesays.com\/fr\/wp-json\/wp\/v2\/posts"}],"about":[{"href":"https:\/\/www.europesays.com\/fr\/wp-json\/wp\/v2\/types\/post"}],"author":[{"embeddable":true,"href":"https:\/\/www.europesays.com\/fr\/wp-json\/wp\/v2\/users\/2"}],"replies":[{"embeddable":true,"href":"https:\/\/www.europesays.com\/fr\/wp-json\/wp\/v2\/comments?post=306948"}],"version-history":[{"count":0,"href":"https:\/\/www.europesays.com\/fr\/wp-json\/wp\/v2\/posts\/306948\/revisions"}],"wp:featuredmedia":[{"embeddable":true,"href":"https:\/\/www.europesays.com\/fr\/wp-json\/wp\/v2\/media\/306949"}],"wp:attachment":[{"href":"https:\/\/www.europesays.com\/fr\/wp-json\/wp\/v2\/media?parent=306948"}],"wp:term":[{"taxonomy":"category","embeddable":true,"href":"https:\/\/www.europesays.com\/fr\/wp-json\/wp\/v2\/categories?post=306948"},{"taxonomy":"post_tag","embeddable":true,"href":"https:\/\/www.europesays.com\/fr\/wp-json\/wp\/v2\/tags?post=306948"}],"curies":[{"name":"wp","href":"https:\/\/api.w.org\/{rel}","templated":true}]}}