{"id":306950,"date":"2025-08-09T08:43:36","date_gmt":"2025-08-09T08:43:36","guid":{"rendered":"https:\/\/www.europesays.com\/fr\/306950\/"},"modified":"2025-08-09T08:43:36","modified_gmt":"2025-08-09T08:43:36","slug":"basket-ball-le-strasbourgeois-frank-ntilikina-quitte-le-groupe-france-et-ne-disputera-pas-leuro","status":"publish","type":"post","link":"https:\/\/www.europesays.com\/fr\/306950\/","title":{"rendered":"Basket-ball. Le Strasbourgeois Frank Ntilikina quitte le groupe France et ne disputera pas l&rsquo;Euro"},"content":{"rendered":"<p>La sentence est tomb\u00e9e ce vendredi \u00a0: recal\u00e9. <a href=\"https:\/\/www.dna.fr\/p\/frank-ntilikina\" target=\"_blank\" rel=\"noopener\">Frank Ntilikina<\/a> ne disputera pas le championnat d&rsquo;Europe, \u00e0 partir du 28 ao\u00fbt \u00e0 Katowice, et cela constitue forc\u00e9ment une petite surprise.<\/p>\n<p>Form\u00e9 \u00e0 la SIG, le meneur strasbourgeois fait partie des trois \u00e9l\u00e9ments, avec Ousmane Dieng et Moussa Diabat\u00e9, \u00e0 quitter le groupe France \u00e0 l&rsquo;issue du stage \u00e0 Pau. L&rsquo;annonce\u00a0est intervenue avant le deuxi\u00e8me match de pr\u00e9paration des Bleus\u00a0contre la Grande-Bretagne.<\/p>\n<p>Ce contenu est bloqu\u00e9 car vous n&rsquo;avez pas accept\u00e9 les cookies et autres traceurs.<\/p>\n<p>En cliquant sur \u00ab J\u2019accepte \u00bb, les cookies et autres traceurs seront d\u00e9pos\u00e9s et vous pourrez visualiser les contenus  (<a href=\"\" class=\"consentModule_policy\" target=\"_blank\" title=\"Consulter la politique de protection des donn\u00e9es du fournisseur\">plus d&rsquo;informations<\/a>).<\/p>\n<p>En cliquant sur \u00ab J\u2019accepte tous les cookies \u00bb, vous autorisez des d\u00e9p\u00f4ts de cookies et autres traceurs pour le stockage de vos donn\u00e9es sur nos sites et applications \u00e0 des fins de personnalisation et de ciblage publicitaire.<\/p>\n<p class=\"consentModule_secondaryText\">Vous gardez la possibilit\u00e9 de retirer votre consentement \u00e0 tout moment en consultant notre <a href=\"https:\/\/www.dna.fr\/protection-des-donnees\" target=\"_blank\" title=\"Consulter notre politique de protection des donn\u00e9es\" rel=\"noopener\">politique de protection des donn\u00e9es<\/a>. <br \/>&#13;<br \/>\n            <a href=\"https:\/\/www.dna.fr\/sport\/2025\/08\/08\/javascript:Didomi.notice.show()\" class=\"consentModule_cmp\" target=\"_blank\" rel=\"noopener\">G\u00e9rer mes choix<\/a>&#13;\n        <\/p>\n<p>&#13;<br \/>\n                        J&rsquo;accepte&#13;<br \/>\n            J&rsquo;accepte tous les cookies&#13;\n        <\/p>\n<p>  Une premi\u00e8re en \u00e9quipe de France<\/p>\n<p>M\u00e9daill\u00e9 de bronze lors du Mondial en 2019, vice-champion olympique en 2021 <a href=\"https:\/\/www.dna.fr\/jeux-olympiques\/2024\/08\/11\/le-petit-de-5-ans-il-revait-d-etre-ici\" target=\"_blank\" rel=\"noopener\">et 2024<\/a>, le meneur du Partizan Belgrade (40 s\u00e9lections) est\u00a0\u00e9cart\u00e9 pour la premi\u00e8re fois de sa carri\u00e8re en \u00e9quipe de France.\u00a0Pr\u00e9s\u00e9lectionn\u00e9 pour l&rsquo;Euro 2022 et le Mondial 2023,\u00a0il avait d\u00fb d\u00e9clarer forfait sur blessure avant d&rsquo;\u00eatre rappel\u00e9 pour les Jeux Olympiques de Paris par Vincent Collet, son mentor.<\/p>\n<p>L&rsquo;autre Strasbourgeois du groupe, Nadir Hifi (Paris Basketball), a pour l&rsquo;heure pass\u00e9 le \u00ab\u00a0cut\u00a0\u00bb et est toujours susceptible de disputer sa premi\u00e8re comp\u00e9tition internationale.<\/p>\n","protected":false},"excerpt":{"rendered":"La sentence est tomb\u00e9e ce vendredi \u00a0: recal\u00e9. Frank Ntilikina ne disputera pas le championnat d&rsquo;Europe, \u00e0 partir&hellip;\n","protected":false},"author":2,"featured_media":306951,"comment_status":"","ping_status":"","sticky":false,"template":"","format":"standard","meta":{"footnotes":""},"categories":[2820],"tags":[1111,11,2389,2649,1791,1777,674,107,1011,27,775,21244,12,25,517,640],"class_list":{"0":"post-306950","1":"post","2":"type-post","3":"status-publish","4":"format-standard","5":"has-post-thumbnail","7":"category-strasbourg","8":"tag-actu","9":"tag-actualites","10":"tag-alsace","11":"tag-bas-rhin","12":"tag-basket-ball","13":"tag-eu","14":"tag-europe","15":"tag-fil-info","16":"tag-fr","17":"tag-france","18":"tag-grand-est","19":"tag-jeux-olympiques-dete","20":"tag-news","21":"tag-republique-francaise","22":"tag-sport","23":"tag-strasbourg"},"share_on_mastodon":{"url":"https:\/\/pubeurope.com\/@fr\/114997926532455691","error":""},"_links":{"self":[{"href":"https:\/\/www.europesays.com\/fr\/wp-json\/wp\/v2\/posts\/306950","targetHints":{"allow":["GET"]}}],"collection":[{"href":"https:\/\/www.europesays.com\/fr\/wp-json\/wp\/v2\/posts"}],"about":[{"href":"https:\/\/www.europesays.com\/fr\/wp-json\/wp\/v2\/types\/post"}],"author":[{"embeddable":true,"href":"https:\/\/www.europesays.com\/fr\/wp-json\/wp\/v2\/users\/2"}],"replies":[{"embeddable":true,"href":"https:\/\/www.europesays.com\/fr\/wp-json\/wp\/v2\/comments?post=306950"}],"version-history":[{"count":0,"href":"https:\/\/www.europesays.com\/fr\/wp-json\/wp\/v2\/posts\/306950\/revisions"}],"wp:featuredmedia":[{"embeddable":true,"href":"https:\/\/www.europesays.com\/fr\/wp-json\/wp\/v2\/media\/306951"}],"wp:attachment":[{"href":"https:\/\/www.europesays.com\/fr\/wp-json\/wp\/v2\/media?parent=306950"}],"wp:term":[{"taxonomy":"category","embeddable":true,"href":"https:\/\/www.europesays.com\/fr\/wp-json\/wp\/v2\/categories?post=306950"},{"taxonomy":"post_tag","embeddable":true,"href":"https:\/\/www.europesays.com\/fr\/wp-json\/wp\/v2\/tags?post=306950"}],"curies":[{"name":"wp","href":"https:\/\/api.w.org\/{rel}","templated":true}]}}