{"id":306956,"date":"2025-08-09T08:48:34","date_gmt":"2025-08-09T08:48:34","guid":{"rendered":"https:\/\/www.europesays.com\/fr\/306956\/"},"modified":"2025-08-09T08:48:34","modified_gmt":"2025-08-09T08:48:34","slug":"lhomme-soupconne-detre-le-conducteur-a-ete-interpelle","status":"publish","type":"post","link":"https:\/\/www.europesays.com\/fr\/306956\/","title":{"rendered":"l\u2019homme soup\u00e7onn\u00e9 d\u2019\u00eatre le conducteur a \u00e9t\u00e9 interpell\u00e9"},"content":{"rendered":"<p>L\u2019homme soup\u00e7onn\u00e9 d\u2019\u00eatre le <a target=\"_self\" href=\"https:\/\/www.lanouvellerepublique.fr\/poitiers\/accident-mortel-avenue-de-nantes-a-poitiers-le-conducteur-est-toujours-recherche-1754328304\" rel=\"nofollow noopener\">conducteur du Volkswagen Touran<\/a>\u00a0impliqu\u00e9 dans <a target=\"_self\" href=\"https:\/\/www.lanouvellerepublique.fr\/poitiers\/poitiers-un-mort-dans-une-collision-entre-trois-voitures-une-enquete-ouverte-pour-delit-de-fuite-1754147875\" rel=\"nofollow noopener\">la violente collision routi\u00e8re qui a co\u00fbt\u00e9 la vie \u00e0 une sexag\u00e9naire<\/a>, samedi 2\u00a0ao\u00fbt, \u00e0\u00a0Poitiers, a \u00e9t\u00e9 interpell\u00e9, selon nos informations, confirm\u00e9es par le parquet de Poitiers vendredi\u00a08 en soir\u00e9e. Il est actuellement sous le r\u00e9gime de la garde \u00e0 vue, dans le cadre d\u2019une information judiciaire ouverte pour \u00ab\u00a0blessures routi\u00e8res et homicide routier, non-assistance \u00e0 personne en p\u00e9ril\u00a0\u00bb.<\/p>\n<p>Aucun d\u00e9tail n\u2019a filtr\u00e9 sur les circonstances et le lieu de l\u2019interpellation. Une demi-douzaine d\u2019enqu\u00eateurs <a target=\"_self\" href=\"https:\/\/www.lanouvellerepublique.fr\/poitiers\/accident-mortel-avenue-de-nantes-a-poitiers-le-conducteur-est-toujours-recherche-1754328304\" rel=\"nofollow noopener\">\u00e9taient sur sa trace depuis sa fuite, juste apr\u00e8s la collision<\/a>. Le passager pr\u00e9sum\u00e9, qui s\u2019\u00e9tait pr\u00e9sent\u00e9 de lui-m\u00eame aux services de police samedi 2\u00a0ao\u00fbt en fin de journ\u00e9e, avait \u00e9t\u00e9 <a target=\"_self\" href=\"https:\/\/www.lanouvellerepublique.fr\/poitiers\/accident-mortel-avenue-de-nantes-le-passager-mis-en-examen-pour-non-assistance-a-personne-en-peril-le-conducteur-toujours-recherche-1754411940\" rel=\"nofollow noopener\">mis en examen pour \u00ab\u00a0non-assistance \u00e0 personne en p\u00e9ril\u00a0\u00bb, le 5<\/a>.<\/p>\n<p>Collision apr\u00e8s un feu grill\u00e9<\/p>\n<p>La collision s\u2019\u00e9tait produite au croisement de l\u2019avenue de Nantes et des rues de Bel-Air et Rique-Avoine, vers 15\u00a0h\u00a040, samedi\u00a02. Le Volkswagen Touran arrivant de la rue Rique-Avoine roulait particuli\u00e8rement vite et avait grill\u00e9 le feu avant de percuter une Opel conduite par Brigitte Lopaczak, une Poitevine \u00e2g\u00e9e de 68\u00a0ans, d\u00e9c\u00e9d\u00e9e des suites de ses blessures.<a target=\"_self\" href=\"https:\/\/www.lanouvellerepublique.fr\/poitiers\/poitiers-un-mort-dans-une-collision-entre-trois-voitures-une-enquete-ouverte-pour-delit-de-fuite-1754147875\" rel=\"nofollow noopener\"><\/p>\n","protected":false},"excerpt":{"rendered":"L\u2019homme soup\u00e7onn\u00e9 d\u2019\u00eatre le conducteur du Volkswagen Touran\u00a0impliqu\u00e9 dans la violente collision routi\u00e8re qui a co\u00fbt\u00e9 la vie&hellip;\n","protected":false},"author":2,"featured_media":306957,"comment_status":"","ping_status":"","sticky":false,"template":"","format":"standard","meta":{"footnotes":""},"categories":[2818],"tags":[1392,1111,11,1777,674,274,1011,27,766,12,2636,1653,25,1584],"class_list":{"0":"post-306956","1":"post","2":"type-post","3":"status-publish","4":"format-standard","5":"has-post-thumbnail","7":"category-nantes","8":"tag-a-la-une-local","9":"tag-actu","10":"tag-actualites","11":"tag-eu","12":"tag-europe","13":"tag-faits-divers-justice","14":"tag-fr","15":"tag-france","16":"tag-nantes","17":"tag-news","18":"tag-pays-de-la-loire","19":"tag-poitiers","20":"tag-republique-francaise","21":"tag-vienne"},"share_on_mastodon":{"url":"https:\/\/pubeurope.com\/@fr\/114997946290407820","error":""},"_links":{"self":[{"href":"https:\/\/www.europesays.com\/fr\/wp-json\/wp\/v2\/posts\/306956","targetHints":{"allow":["GET"]}}],"collection":[{"href":"https:\/\/www.europesays.com\/fr\/wp-json\/wp\/v2\/posts"}],"about":[{"href":"https:\/\/www.europesays.com\/fr\/wp-json\/wp\/v2\/types\/post"}],"author":[{"embeddable":true,"href":"https:\/\/www.europesays.com\/fr\/wp-json\/wp\/v2\/users\/2"}],"replies":[{"embeddable":true,"href":"https:\/\/www.europesays.com\/fr\/wp-json\/wp\/v2\/comments?post=306956"}],"version-history":[{"count":0,"href":"https:\/\/www.europesays.com\/fr\/wp-json\/wp\/v2\/posts\/306956\/revisions"}],"wp:featuredmedia":[{"embeddable":true,"href":"https:\/\/www.europesays.com\/fr\/wp-json\/wp\/v2\/media\/306957"}],"wp:attachment":[{"href":"https:\/\/www.europesays.com\/fr\/wp-json\/wp\/v2\/media?parent=306956"}],"wp:term":[{"taxonomy":"category","embeddable":true,"href":"https:\/\/www.europesays.com\/fr\/wp-json\/wp\/v2\/categories?post=306956"},{"taxonomy":"post_tag","embeddable":true,"href":"https:\/\/www.europesays.com\/fr\/wp-json\/wp\/v2\/tags?post=306956"}],"curies":[{"name":"wp","href":"https:\/\/api.w.org\/{rel}","templated":true}]}}