{"id":306966,"date":"2025-08-09T08:53:12","date_gmt":"2025-08-09T08:53:12","guid":{"rendered":"https:\/\/www.europesays.com\/fr\/306966\/"},"modified":"2025-08-09T08:53:12","modified_gmt":"2025-08-09T08:53:12","slug":"apres-deux-mois-et-demi-de-travaux-la-patinoire-rouvre-le-15-aout","status":"publish","type":"post","link":"https:\/\/www.europesays.com\/fr\/306966\/","title":{"rendered":"apr\u00e8s deux mois et demi de travaux, la patinoire rouvre le 15 ao\u00fbt"},"content":{"rendered":"<p>            Par<br \/>\n        <strong><br \/>\n            <a href=\"https:\/\/actu.fr\/auteur\/annesophie-2\" title=\"Consulter tous les articles de Anne-Sophie Hourdeaux\" rel=\"nofollow noopener\" target=\"_blank\">Anne-Sophie Hourdeaux<\/a><br \/>\n        <\/strong><\/p>\n<p>        Publi\u00e9 le<\/p>\n<p>            9 ao\u00fbt 2025 \u00e0 8h30        <\/p>\n<p><b>La patinoire Serge Charles \u00e0 Wasquehal (Nord), <\/b>seule de la m\u00e9tropole lilloise, <b>rouvre ses portes vendredi 15\u00a0ao\u00fbt apr\u00e8s 2\u00a0mois et demi de fermeture pour travaux.<\/b> Une bonne nouvelle avant la fin des vacances scolaires\u2009! Le lieu se pr\u00e9pare \u00e0 <b>f\u00eater ses 30\u00a0ans, une grande f\u00eate est pr\u00e9vue samedi 6\u00a0septembre 2025.<\/b><\/p>\n<p>Ferm\u00e9e depuis le 2\u00a0juin 2025<\/p>\n<p class=\" wall-content\">Apr\u00e8s plusieurs semaines de travaux et de remise en \u00e9tat, la patinoire Serge Charles rouvrira ses portes le 15\u00a0ao\u00fbt, de 15\u2009h \u00e0 18\u2009h. Elle avait ferm\u00e9 le 2\u00a0juin 2025, les amateurs de glisse et de fra\u00eecheur attendaient donc avec impatience de retrouver la piste blanche\u2009!<\/p>\n<p>    <a href=\"https:\/\/www.facebook.com\/plugins\/post.php?href=https%3A%2F%2Fwww.facebook.com%2FPatinoireSergeCharles%2Fposts%2Fpfbid0pJrmZSwBddheSEfJNwge393c4UMkX9ZyJcssu97S2LPL1DiYA6wErSyGVUtAtSkQl&amp;show_text=true&amp;width=350\" title=\"Ouvrie le lien\" rel=\"nofollow noopener\" target=\"_blank\">Cliquez ici pour visualiser le contenu<\/a><\/p>\n<p>Quels travaux\u2009?<\/p>\n<p class=\" wall-content\">La M\u00e9tropole Europ\u00e9enne de Lille (MEL), propri\u00e9taire du lieu, a d\u00e9j\u00e0 men\u00e9 plusieurs phases de travaux pour agrandir, r\u00e9nover et am\u00e9liorer le confort des usagers. En 2019, une \u00e9tape importante avait permis de remplacer le groupe froid, de r\u00e9nover les locaux du premier \u00e9tage ainsi que l\u2019espace brasserie, \u00ab\u2009devenu un v\u00e9ritable lieu de vie\u2009\u00bb rappelle la MEL.<\/p>\n<p class=\" wall-content\">Quels ont \u00e9t\u00e9 les travaux r\u00e9alis\u00e9s cet \u00e9t\u00e9\u2009?<\/p>\n<ul class=\" wall-content\">\n<li>remise en \u00e9tat de la tuyauterie dans la zone technique,<\/li>\n<li>remplacement d\u2019une chaudi\u00e8re,<\/li>\n<li>r\u00e9novation des gradins,<\/li>\n<li>l\u2019installation de portiques dans le hall d\u2019entr\u00e9e pour am\u00e9liorer la gestion des flux.<\/li>\n<\/ul>\n<p>Une grande f\u00eate pour les 30\u00a0ans du lieu<\/p>\n<p class=\" wall-content\">Cette ann\u00e9e, la patinoire f\u00eate ses 30\u00a0ans d\u2019existence\u2009! Le lieu fait la f\u00eate samedi 6\u00a0septembre 2025\u2009:<\/p>\n<p class=\" wall-content\">\u2013 de 10\u2009h \u00e0 12\u2009h\u200930\u2009: mascotte, peinture sur glace et jardin des glaces\u2009;<\/p>\n<p class=\" wall-content\">\u2013 de 15\u2009h\u2009\u00e0 18\u2009h\u2009: animations et spectacle sur glace avec l\u2019\u00e9quipe de \u00ab\u2009Freestyle On Ice\u2009\u00bb sp\u00e9cialiste dans ce domaine (figures, sauts et acrobaties), stand maquillage et g\u00e2teau d\u2019anniversaire\u2009;<\/p>\n<p class=\" wall-content\">\u2013 de 21\u2009h \u00e0 23\u2009h\u200930\u2009: soir\u00e9e karaok\u00e9 sur glace pour chanter vos tubes pr\u00e9f\u00e9r\u00e9s entre deux tours de piste.<\/p>\n<p>Horaires pendant les vacances d\u2019\u00e9t\u00e9\u2009: ouvert du mardi au vendredi de 14\u2009h\u200930 \u00e0 17\u2009h\u200930, vendredi de 15\u2009h \u00e0 18\u2009h. Infos sur <a href=\"https:\/\/www.patinoire-lillemetropole.fr\/?fbclid=IwY2xjawMBS59leHRuA2FlbQIxMABicmlkETFSWVdXZDRoZkZTOXh2Y2xMAR57c-apDUyjfEtrwLrwOaVl43NIeqJSCm4GEwIS6mYNHgChKE_15ety5dbv-A_aem_6Icn2OS9QxDPcjQjq6sg1w\" rel=\"nofollow noopener\" target=\"_blank\">le site de la patinoire ici<\/a>.<\/p>\n<p class=\" wall-content\">Suivez toute l\u2019actualit\u00e9 de vos villes et m\u00e9dias favoris en vous inscrivant \u00e0 <a href=\"https:\/\/moncompte.actu.fr\" title=\"D\u00e9couvez Mon Actu\" rel=\"nofollow noopener\" data-trk=\"{&quot;cta&quot;:{&quot;action&quot;:&quot;https:\\\/\\\/moncompte.actu.fr&quot;,&quot;category&quot;:&quot;mon compte&quot;,&quot;from&quot;:&quot;article footer&quot;,&quot;name&quot;:&quot;Mon actu&quot;,&quot;type&quot;:&quot;cta&quot;}}\" target=\"_blank\">Mon Actu<\/a>.<\/p>\n","protected":false},"excerpt":{"rendered":"Par Anne-Sophie Hourdeaux Publi\u00e9 le 9 ao\u00fbt 2025 \u00e0 8h30 La patinoire Serge Charles \u00e0 Wasquehal (Nord), seule&hellip;\n","protected":false},"author":2,"featured_media":306967,"comment_status":"","ping_status":"","sticky":false,"template":"","format":"standard","meta":{"footnotes":""},"categories":[2815],"tags":[1111,11,1777,674,652,1011,27,811,1307,1652,12,25],"class_list":{"0":"post-306966","1":"post","2":"type-post","3":"status-publish","4":"format-standard","5":"has-post-thumbnail","7":"category-lille","8":"tag-actu","9":"tag-actualites","10":"tag-eu","11":"tag-europe","12":"tag-famille","13":"tag-fr","14":"tag-france","15":"tag-hauts-de-france","16":"tag-lille","17":"tag-loisirs-culture","18":"tag-news","19":"tag-republique-francaise"},"share_on_mastodon":{"url":"https:\/\/pubeurope.com\/@fr\/114997965890866720","error":""},"_links":{"self":[{"href":"https:\/\/www.europesays.com\/fr\/wp-json\/wp\/v2\/posts\/306966","targetHints":{"allow":["GET"]}}],"collection":[{"href":"https:\/\/www.europesays.com\/fr\/wp-json\/wp\/v2\/posts"}],"about":[{"href":"https:\/\/www.europesays.com\/fr\/wp-json\/wp\/v2\/types\/post"}],"author":[{"embeddable":true,"href":"https:\/\/www.europesays.com\/fr\/wp-json\/wp\/v2\/users\/2"}],"replies":[{"embeddable":true,"href":"https:\/\/www.europesays.com\/fr\/wp-json\/wp\/v2\/comments?post=306966"}],"version-history":[{"count":0,"href":"https:\/\/www.europesays.com\/fr\/wp-json\/wp\/v2\/posts\/306966\/revisions"}],"wp:featuredmedia":[{"embeddable":true,"href":"https:\/\/www.europesays.com\/fr\/wp-json\/wp\/v2\/media\/306967"}],"wp:attachment":[{"href":"https:\/\/www.europesays.com\/fr\/wp-json\/wp\/v2\/media?parent=306966"}],"wp:term":[{"taxonomy":"category","embeddable":true,"href":"https:\/\/www.europesays.com\/fr\/wp-json\/wp\/v2\/categories?post=306966"},{"taxonomy":"post_tag","embeddable":true,"href":"https:\/\/www.europesays.com\/fr\/wp-json\/wp\/v2\/tags?post=306966"}],"curies":[{"name":"wp","href":"https:\/\/api.w.org\/{rel}","templated":true}]}}