{"id":306970,"date":"2025-08-09T08:55:10","date_gmt":"2025-08-09T08:55:10","guid":{"rendered":"https:\/\/www.europesays.com\/fr\/306970\/"},"modified":"2025-08-09T08:55:10","modified_gmt":"2025-08-09T08:55:10","slug":"en-greve-les-soignants-des-baumettes-haussent-le-ton-pour-leurs-conges","status":"publish","type":"post","link":"https:\/\/www.europesays.com\/fr\/306970\/","title":{"rendered":"En gr\u00e8ve, les soignants des Baumettes haussent le ton pour leurs cong\u00e9s"},"content":{"rendered":"\n<p>En rangs serr\u00e9s devant les Baumettes, ce vendredi, le personnel hospitalier du centre p\u00e9nitentiaire, rejoint par leurs homologues de l\u2019\u00e9tablissement pour mineurs de la Valentine, d\u00e9livre un message clair \u00e0 sa direction\u00a0: \u00ab\u00a0Nos cong\u00e9s, c\u2019est pas du luxe\u00a0!\u00a0\u00bb. Ces derniers, qui exercent dans les diff\u00e9rentes unit\u00e9s de soins dans le milieu carc\u00e9ral, sont \u00ab\u00a0en gr\u00e8ve illimit\u00e9e\u00a0\u00bb, \u00e0 l\u2019appel de la CGT.<\/p>\n<p>En cause\u00a0? La volont\u00e9 de la direction de l\u2019AP-HM de leur supprimer des cong\u00e9s sp\u00e9cifiques, appel\u00e9s C16 dans le jargon. \u00ab\u00a0On nous supprime des jours qu\u2019on a depuis 1994\u00a0! Ce sont des jours que l\u2019on m\u00e9rite, c\u2019est un acquis social\u00a0!\u00a0\u00bb, campe Samia*, infirmi\u00e8re, entour\u00e9e par plusieurs de ses coll\u00e8gues qui approuvent de la t\u00eate. H\u00e9rit\u00e9s d\u2019une r\u00e9forme qui a fait passer les soignants exer\u00e7ant en prison de la tutelle du minist\u00e8re de la Justice \u00e0 celui de la Sant\u00e9, ces cong\u00e9s sont vus comme \u00ab\u00a0la moindre des choses\u00a0\u00bb par les soignants. \u00ab\u00a0On est enferm\u00e9s, on travaille dans un milieu hostile avec de la violence, il y a des agressions et parfois pire&#8230; Ces cong\u00e9s sont une fa\u00e7on de souffler pour nous et c\u2019est une forme de reconnaissance de notre travail\u00a0\u00bb, abonde Marylou*.<\/p>\n<p> Des jours \u00ab\u00a0n\u00e9cessaires\u00a0\u00bb\n              <\/p>\n<p>Si Nour-Eddine Djazoul, secr\u00e9taire g\u00e9n\u00e9ral de la CGT des h\u00f4pitaux Sud de Marseille et infirmier, reconna\u00eet que ces jours \u00ab\u00a0ne sont pas r\u00e9glementaires\u00a0\u00bb, il rappelle avant tout qu\u2019ils \u00ab\u00a0n\u2019ont aucun impact financier\u00a0\u00bb sur les comptes de l\u2019AP-HM. \u00ab\u00a0Neuf jours par an pour un rythme de travail de 10h par jour, dans cet environnement, c\u2019est n\u00e9cessaire\u00a0\u00bb, tacle-t-il. D\u2019o\u00f9 \u00ab\u00a0l\u2019injustice\u00a0\u00bb ressentie par les agents concern\u00e9s par la potentielle perte de ces jours, alors que ceux de l\u2019EPM de la Valentine n\u2019y ont pas droit. La mobilisation du jour, qui pourrait durer, puisqu\u2019un nouveau rassemblement est pr\u00e9vu mardi 12\u00a0ao\u00fbt, est donc aussi \u00ab\u00a0pour l\u2019\u00e9quit\u00e9\u00a0\u00bb.<\/p>\n<p>Contact\u00e9e pr\u00e9c\u00e9demment, la direction de l\u2019AP-HM expliquait qu\u2019elle \u00ab\u00a0va renforcer son offre de soins au sein des structures p\u00e9nitentiaires en 2025\u00a0\u00bb, en vue de l\u2019ouverture des Baumettes\u00a03. \u00ab\u00a0Dans ce cadre, l\u2019AP-HM travaille sur l\u2019organisation des soins (recrutement, r\u00e9organisation) et comme pour chaque restructuration, un dialogue social sera \u00e9tabli avec les organisations syndicales afin de red\u00e9finir au mieux les organisations pour garantir des conditions des prises en charge de qualit\u00e9 pour les patients\u00a0\u00bb, d\u00e9veloppe-t-elle. Avant de rappeler, tout de m\u00eame, que \u00ab\u00a0l\u2019organisation des services sanitaires en milieu p\u00e9nitentiaire s\u2019inscrira dans le respect du cadre de la r\u00e9glementation du temps de travail\u00a0\u00bb. Pas de quoi convaincre les gr\u00e9vistes, qui d\u00e9noncent une absence de dialogue social.<\/p>\n<p>*Les pr\u00e9noms ont \u00e9t\u00e9 chang\u00e9s<\/p>\n","protected":false},"excerpt":{"rendered":"En rangs serr\u00e9s devant les Baumettes, ce vendredi, le personnel hospitalier du centre p\u00e9nitentiaire, rejoint par leurs homologues&hellip;\n","protected":false},"author":2,"featured_media":306971,"comment_status":"","ping_status":"","sticky":false,"template":"","format":"standard","meta":{"footnotes":""},"categories":[2814],"tags":[1111,11,6891,1777,674,1011,27,884,12,882,25],"class_list":{"0":"post-306970","1":"post","2":"type-post","3":"status-publish","4":"format-standard","5":"has-post-thumbnail","7":"category-marseille","8":"tag-actu","9":"tag-actualites","10":"tag-agents","11":"tag-eu","12":"tag-europe","13":"tag-fr","14":"tag-france","15":"tag-marseille","16":"tag-news","17":"tag-provence-alpes-cote-dazur","18":"tag-republique-francaise"},"share_on_mastodon":{"url":"https:\/\/pubeurope.com\/@fr\/114997973759218432","error":""},"_links":{"self":[{"href":"https:\/\/www.europesays.com\/fr\/wp-json\/wp\/v2\/posts\/306970","targetHints":{"allow":["GET"]}}],"collection":[{"href":"https:\/\/www.europesays.com\/fr\/wp-json\/wp\/v2\/posts"}],"about":[{"href":"https:\/\/www.europesays.com\/fr\/wp-json\/wp\/v2\/types\/post"}],"author":[{"embeddable":true,"href":"https:\/\/www.europesays.com\/fr\/wp-json\/wp\/v2\/users\/2"}],"replies":[{"embeddable":true,"href":"https:\/\/www.europesays.com\/fr\/wp-json\/wp\/v2\/comments?post=306970"}],"version-history":[{"count":0,"href":"https:\/\/www.europesays.com\/fr\/wp-json\/wp\/v2\/posts\/306970\/revisions"}],"wp:featuredmedia":[{"embeddable":true,"href":"https:\/\/www.europesays.com\/fr\/wp-json\/wp\/v2\/media\/306971"}],"wp:attachment":[{"href":"https:\/\/www.europesays.com\/fr\/wp-json\/wp\/v2\/media?parent=306970"}],"wp:term":[{"taxonomy":"category","embeddable":true,"href":"https:\/\/www.europesays.com\/fr\/wp-json\/wp\/v2\/categories?post=306970"},{"taxonomy":"post_tag","embeddable":true,"href":"https:\/\/www.europesays.com\/fr\/wp-json\/wp\/v2\/tags?post=306970"}],"curies":[{"name":"wp","href":"https:\/\/api.w.org\/{rel}","templated":true}]}}