{"id":306974,"date":"2025-08-09T08:57:09","date_gmt":"2025-08-09T08:57:09","guid":{"rendered":"https:\/\/www.europesays.com\/fr\/306974\/"},"modified":"2025-08-09T08:57:09","modified_gmt":"2025-08-09T08:57:09","slug":"la-meteo-de-ce-samedi-a-lyon","status":"publish","type":"post","link":"https:\/\/www.europesays.com\/fr\/306974\/","title":{"rendered":"la m\u00e9t\u00e9o de ce samedi \u00e0 Lyon"},"content":{"rendered":"<p class=\"content\" style=\"font-size:1.2em;font-weight:700\">Les temp\u00e9ratures vont grimper ce samedi \u00e0 Lyon. M\u00e9t\u00e9o France annonce notamment jusqu&rsquo;\u00e0 40 degr\u00e9s entre 16 et 20 heures.<\/p>\n<p>Les temp\u00e9ratures vont <a href=\"https:\/\/www.lyoncapitale.fr\/actualite\/meteo-la-chaleur-fait-son-retour-sous-un-grand-soleil-ce-jeudi-a-lyon\" target=\"_blank\" rel=\"noreferrer noopener\">encore grimper<\/a> ce samedi \u00e0 Lyon. <a href=\"https:\/\/meteofrance.com\/previsions-meteo-france\/lyon\/69000\" target=\"_blank\" rel=\"noreferrer noopener\">M\u00e9t\u00e9o France<\/a> annonce notamment jusqu\u2019\u00e0 40 degr\u00e9s entre 16 et 20 heures, et plus de 30 degr\u00e9s entre 11 heures et 1 heure du matin. Un pic de chaleur exceptionnel pour la capitale des Gaules. D\u00e8s la matin\u00e9e, le mercure grimpait rapidement pour atteindre 24 \u00b0C vers 8 heures, annon\u00e7ant une journ\u00e9e caniculaire.<\/p>\n<p>L\u2019apr\u00e8s-midi sera particuli\u00e8rement \u00e9prouvante avec un ciel totalement d\u00e9gag\u00e9 et un soleil de plomb. Vers 14 heures, il fera d\u00e9j\u00e0 autour de 36 \u00b0C avant que la barre symbolique des 40 \u00b0C ne soit franchie en fin de journ\u00e9e. M\u00eame en soir\u00e9e, les temp\u00e9ratures resteront \u00e9touffantes, avec plus de 35 \u00b0C jusqu&rsquo;\u00e0 23 heures.<\/p>\n<p>La temp\u00e9rature descendra d\u00e8s le lendemain<\/p>\n<p>La nuit prochaine n\u2019apportera qu\u2019un r\u00e9pit tr\u00e8s limit\u00e9, avec des temp\u00e9ratures qui resteront sup\u00e9rieures \u00e0 25 \u00b0C. Cet \u00e9pisode de chaleur intense se poursuivra donc, incitant les autorit\u00e9s \u00e0 rappeler la n\u00e9cessit\u00e9 de bien s\u2019hydrater, d\u2019\u00e9viter les efforts aux heures les plus chaudes et de se prot\u00e9ger efficacement du soleil. Dimanche, une l\u00e9g\u00e8re baisse est attendue, le mercure ne devant pas d\u00e9passer 36 \u00b0C.<\/p>\n","protected":false},"excerpt":{"rendered":"Les temp\u00e9ratures vont grimper ce samedi \u00e0 Lyon. M\u00e9t\u00e9o France annonce notamment jusqu&rsquo;\u00e0 40 degr\u00e9s entre 16 et&hellip;\n","protected":false},"author":2,"featured_media":68698,"comment_status":"","ping_status":"","sticky":false,"template":"","format":"standard","meta":{"footnotes":""},"categories":[1889],"tags":[1111,11,2430,6698,1777,674,1011,27,2428,2487,12,25],"class_list":{"0":"post-306974","1":"post","2":"type-post","3":"status-publish","4":"format-standard","5":"has-post-thumbnail","7":"category-lyon","8":"tag-actu","9":"tag-actualites","10":"tag-auvergne-rhone-alpes","11":"tag-canicule","12":"tag-eu","13":"tag-europe","14":"tag-fr","15":"tag-france","16":"tag-lyon","17":"tag-meteo","18":"tag-news","19":"tag-republique-francaise"},"share_on_mastodon":{"url":"https:\/\/pubeurope.com\/@fr\/114997981587490232","error":""},"_links":{"self":[{"href":"https:\/\/www.europesays.com\/fr\/wp-json\/wp\/v2\/posts\/306974","targetHints":{"allow":["GET"]}}],"collection":[{"href":"https:\/\/www.europesays.com\/fr\/wp-json\/wp\/v2\/posts"}],"about":[{"href":"https:\/\/www.europesays.com\/fr\/wp-json\/wp\/v2\/types\/post"}],"author":[{"embeddable":true,"href":"https:\/\/www.europesays.com\/fr\/wp-json\/wp\/v2\/users\/2"}],"replies":[{"embeddable":true,"href":"https:\/\/www.europesays.com\/fr\/wp-json\/wp\/v2\/comments?post=306974"}],"version-history":[{"count":0,"href":"https:\/\/www.europesays.com\/fr\/wp-json\/wp\/v2\/posts\/306974\/revisions"}],"wp:featuredmedia":[{"embeddable":true,"href":"https:\/\/www.europesays.com\/fr\/wp-json\/wp\/v2\/media\/68698"}],"wp:attachment":[{"href":"https:\/\/www.europesays.com\/fr\/wp-json\/wp\/v2\/media?parent=306974"}],"wp:term":[{"taxonomy":"category","embeddable":true,"href":"https:\/\/www.europesays.com\/fr\/wp-json\/wp\/v2\/categories?post=306974"},{"taxonomy":"post_tag","embeddable":true,"href":"https:\/\/www.europesays.com\/fr\/wp-json\/wp\/v2\/tags?post=306974"}],"curies":[{"name":"wp","href":"https:\/\/api.w.org\/{rel}","templated":true}]}}