{"id":306975,"date":"2025-08-09T08:58:09","date_gmt":"2025-08-09T08:58:09","guid":{"rendered":"https:\/\/www.europesays.com\/fr\/306975\/"},"modified":"2025-08-09T08:58:09","modified_gmt":"2025-08-09T08:58:09","slug":"les-deux-hommes-percutes-par-des-trains-vendredi-sont-morts","status":"publish","type":"post","link":"https:\/\/www.europesays.com\/fr\/306975\/","title":{"rendered":"Les deux hommes percut\u00e9s par des trains vendredi sont morts"},"content":{"rendered":"<p class=\"content\" style=\"font-size:1.2em;font-weight:700\">\u00c0 moins d\u2019une heure d\u2019intervalle, deux hommes sont d\u00e9c\u00e9d\u00e9s ce vendredi 8 ao\u00fbt apr\u00e8s avoir \u00e9t\u00e9 heurt\u00e9s par des trains dans le d\u00e9partement du Rh\u00f4ne. Selon la SNCF, il s\u2019agirait de deux suicides.<\/p>\n<p>Le premier drame s\u2019est produit <a href=\"https:\/\/www.lyoncapitale.fr\/actualite\/deux-personnes-percutees-par-des-trains-au-nord-et-au-sud-de-lyon-la-circulation-perturbee\" target=\"_blank\" rel=\"noopener\">un peu avant 16 heures entre Grigny-sur-Rh\u00f4ne et Vernaison<\/a>, au sud de Lyon. D\u2019apr\u00e8s les premi\u00e8res constatations, la victime se serait jet\u00e9e sous un train de fret pr\u00e8s d\u2019un passage \u00e0 niveau. Le trafic ferroviaire entre Givors et Lyon Perrache a \u00e9t\u00e9 interrompu jusqu\u2019\u00e0 18 h 30, les TER \u00e9tant d\u00e9tourn\u00e9s via Lyon Part-Dieu.<\/p>\n<p>\u00c0 16 h 20, un second accident a \u00e9t\u00e9 signal\u00e9 au niveau de la gare de Sathonay, au nord de Lyon. La personne se serait allong\u00e9e sur les voies avant l\u2019arriv\u00e9e d\u2019un TER. Le trafic sur la ligne Lyon-Bourg-en-Bresse a \u00e9t\u00e9 interrompu pendant plus de deux heures, avant de reprendre vers 18 h 45. Des retards ont \u00e9galement \u00e9t\u00e9 enregistr\u00e9s sur plusieurs TGV, d\u00e9tourn\u00e9s de la ligne \u00e0 grande vitesse.<\/p>\n<p>Un troisi\u00e8me drame en autant de jours<\/p>\n<p>Ces deux drames surviennent deux jours seulement apr\u00e8s un autre accident mortel survenu \u00e0 Arnas, pr\u00e8s de Villefranche-sur-Sa\u00f4ne, le mercredi 6 ao\u00fbt. Il s\u2019agit du troisi\u00e8me d\u00e9c\u00e8s li\u00e9 \u00e0 un train en trois jours dans le d\u00e9partement.<\/p>\n","protected":false},"excerpt":{"rendered":"\u00c0 moins d\u2019une heure d\u2019intervalle, deux hommes sont d\u00e9c\u00e9d\u00e9s ce vendredi 8 ao\u00fbt apr\u00e8s avoir \u00e9t\u00e9 heurt\u00e9s par&hellip;\n","protected":false},"author":2,"featured_media":306976,"comment_status":"","ping_status":"","sticky":false,"template":"","format":"standard","meta":{"footnotes":""},"categories":[1889],"tags":[1111,11,2430,1777,674,118,1011,27,2428,12,25,926],"class_list":{"0":"post-306975","1":"post","2":"type-post","3":"status-publish","4":"format-standard","5":"has-post-thumbnail","7":"category-lyon","8":"tag-actu","9":"tag-actualites","10":"tag-auvergne-rhone-alpes","11":"tag-eu","12":"tag-europe","13":"tag-faits-divers","14":"tag-fr","15":"tag-france","16":"tag-lyon","17":"tag-news","18":"tag-republique-francaise","19":"tag-train"},"share_on_mastodon":{"url":"https:\/\/pubeurope.com\/@fr\/114997985441006497","error":""},"_links":{"self":[{"href":"https:\/\/www.europesays.com\/fr\/wp-json\/wp\/v2\/posts\/306975","targetHints":{"allow":["GET"]}}],"collection":[{"href":"https:\/\/www.europesays.com\/fr\/wp-json\/wp\/v2\/posts"}],"about":[{"href":"https:\/\/www.europesays.com\/fr\/wp-json\/wp\/v2\/types\/post"}],"author":[{"embeddable":true,"href":"https:\/\/www.europesays.com\/fr\/wp-json\/wp\/v2\/users\/2"}],"replies":[{"embeddable":true,"href":"https:\/\/www.europesays.com\/fr\/wp-json\/wp\/v2\/comments?post=306975"}],"version-history":[{"count":0,"href":"https:\/\/www.europesays.com\/fr\/wp-json\/wp\/v2\/posts\/306975\/revisions"}],"wp:featuredmedia":[{"embeddable":true,"href":"https:\/\/www.europesays.com\/fr\/wp-json\/wp\/v2\/media\/306976"}],"wp:attachment":[{"href":"https:\/\/www.europesays.com\/fr\/wp-json\/wp\/v2\/media?parent=306975"}],"wp:term":[{"taxonomy":"category","embeddable":true,"href":"https:\/\/www.europesays.com\/fr\/wp-json\/wp\/v2\/categories?post=306975"},{"taxonomy":"post_tag","embeddable":true,"href":"https:\/\/www.europesays.com\/fr\/wp-json\/wp\/v2\/tags?post=306975"}],"curies":[{"name":"wp","href":"https:\/\/api.w.org\/{rel}","templated":true}]}}