{"id":306977,"date":"2025-08-09T09:01:14","date_gmt":"2025-08-09T09:01:14","guid":{"rendered":"https:\/\/www.europesays.com\/fr\/306977\/"},"modified":"2025-08-09T09:01:14","modified_gmt":"2025-08-09T09:01:14","slug":"volodymyr-zelensky-met-en-garde-contre-des-decisions-prises-sans-son-pays-avant-un-possible-echange-de-territoires-entre-kiev-et-moscou","status":"publish","type":"post","link":"https:\/\/www.europesays.com\/fr\/306977\/","title":{"rendered":"Volodymyr Zelensky met en garde contre des \u00ab\u00a0d\u00e9cisions prises sans\u00a0\u00bb son pays avant un possible \u00ab\u00a0\u00e9change de territoires\u00a0\u00bb entre Kiev et Moscou"},"content":{"rendered":"<p>Le pr\u00e9sident ukrainien, Volodymyr Zelensky, a mis en garde samedi 9\u00a0ao\u00fbt contre toute \u00ab\u00a0d\u00e9cision qui serait prise sans l&rsquo;Ukraine\u00a0\u00bb.\u00a0\u00ab\u00a0Les Ukrainiens n&rsquo;abandonneront pas leur terre aux occupants\u00a0\u00bb, a-t-il ajout\u00e9, alors que le pr\u00e9sident am\u00e9ricain Donald Trump et son homologue russe Vladimir Poutine <a href=\"https:\/\/www.franceinfo.fr\/monde\/europe\/manifestations-en-ukraine\/guerre-en-ukraine-donald-trump-annonce-que-sa-rencontre-avec-vladimir-poutine-aura-lieu-le-15-aout-en-alaska_7426309.html\" rel=\"nofollow noopener\" target=\"_blank\">doivent se rencontrer en Alaska le 15\u00a0ao\u00fbt<\/a> pour tenter de mettre fin \u00e0 la guerre en Ukraine d\u00e9clench\u00e9e par la Russie. Suivez notre direct.<\/p>\n<p class=\"c-body__bullet\"> <strong>Des \u00e9changes territoriaux \u00e0 venir\u00a0?<\/strong> Tr\u00e8s attendue, le rencontre entre les pr\u00e9sidents russe et am\u00e9ricain se d\u00e9roulera sans Volodymyr Zelensky, qui ne cesse pourtant d&rsquo;exiger d&rsquo;avoir voix au chapitre.\u00a0Un r\u00e8glement de la guerre comprendra, selon le pr\u00e9sident am\u00e9ricain, des concessions territoriales\u00a0: \u00ab\u00a0Il y aura des \u00e9changes de territoires au b\u00e9n\u00e9fice de chacun, mais nous parlerons de \u00e7a plus tard ou demain\u00a0\u00bb, a-t-il d\u00e9clar\u00e9 vendredi soir.<\/p>\n<p class=\"c-body__bullet\"> <strong>La fin de la guerre au menu des discussions, affirme Moscou.<\/strong> Confirmant l&rsquo;entrevue entre Donald Trump et Vladimir Poutine, le conseiller diplomatique du Kremlin, Iouri Ouchakov, a qualifi\u00e9 ce choix d'\u00a0\u00bbassez logique\u00a0\u00bb\u00a0et a d\u00e9clar\u00e9 que les deux pr\u00e9sidents\u00a0\u00ab\u00a0se focaliseront sans aucun doute sur une discussion autour des options pour parvenir \u00e0 un r\u00e8glement pacifique \u00e0 long terme de la crise ukrainienne\u00a0\u00bb.<\/p>\n<p class=\"c-body__bullet\"><strong> Nouvelles \u00e9vacuations de civils dans l&rsquo;est de l&rsquo;Ukraine.\u00a0<\/strong>Kiev a annonc\u00e9 vendredi proc\u00e9der \u00e0 de nouvelles \u00e9vacuations forc\u00e9es de civils dans l&rsquo;est de son territoire, o\u00f9 les troupes russes continuent de gagner du terrain depuis des mois, apr\u00e8s une mesure similaire fin juillet. La vingtaine de villages concern\u00e9s, qui abritent des centaines de personnes, sont tous situ\u00e9s \u00e0 environ 30 kilom\u00e8tres de la ligne de front.<\/p>\n","protected":false},"excerpt":{"rendered":"Le pr\u00e9sident ukrainien, Volodymyr Zelensky, a mis en garde samedi 9\u00a0ao\u00fbt contre toute \u00ab\u00a0d\u00e9cision qui serait prise sans&hellip;\n","protected":false},"author":2,"featured_media":306978,"comment_status":"","ping_status":"","sticky":false,"template":"","format":"standard","meta":{"footnotes":""},"categories":[1888],"tags":[1111,1928,11,1927,1777,674,1011,27,12,1926,626,1925,25],"class_list":{"0":"post-306977","1":"post","2":"type-post","3":"status-publish","4":"format-standard","5":"has-post-thumbnail","7":"category-paris","8":"tag-actu","9":"tag-actu-paris","10":"tag-actualites","11":"tag-actualites-paris","12":"tag-eu","13":"tag-europe","14":"tag-fr","15":"tag-france","16":"tag-news","17":"tag-news-paris","18":"tag-paris","19":"tag-paris-news","20":"tag-republique-francaise"},"share_on_mastodon":{"url":"https:\/\/pubeurope.com\/@fr\/114997997354669228","error":""},"_links":{"self":[{"href":"https:\/\/www.europesays.com\/fr\/wp-json\/wp\/v2\/posts\/306977","targetHints":{"allow":["GET"]}}],"collection":[{"href":"https:\/\/www.europesays.com\/fr\/wp-json\/wp\/v2\/posts"}],"about":[{"href":"https:\/\/www.europesays.com\/fr\/wp-json\/wp\/v2\/types\/post"}],"author":[{"embeddable":true,"href":"https:\/\/www.europesays.com\/fr\/wp-json\/wp\/v2\/users\/2"}],"replies":[{"embeddable":true,"href":"https:\/\/www.europesays.com\/fr\/wp-json\/wp\/v2\/comments?post=306977"}],"version-history":[{"count":0,"href":"https:\/\/www.europesays.com\/fr\/wp-json\/wp\/v2\/posts\/306977\/revisions"}],"wp:featuredmedia":[{"embeddable":true,"href":"https:\/\/www.europesays.com\/fr\/wp-json\/wp\/v2\/media\/306978"}],"wp:attachment":[{"href":"https:\/\/www.europesays.com\/fr\/wp-json\/wp\/v2\/media?parent=306977"}],"wp:term":[{"taxonomy":"category","embeddable":true,"href":"https:\/\/www.europesays.com\/fr\/wp-json\/wp\/v2\/categories?post=306977"},{"taxonomy":"post_tag","embeddable":true,"href":"https:\/\/www.europesays.com\/fr\/wp-json\/wp\/v2\/tags?post=306977"}],"curies":[{"name":"wp","href":"https:\/\/api.w.org\/{rel}","templated":true}]}}