{"id":306991,"date":"2025-08-09T09:08:09","date_gmt":"2025-08-09T09:08:09","guid":{"rendered":"https:\/\/www.europesays.com\/fr\/306991\/"},"modified":"2025-08-09T09:08:09","modified_gmt":"2025-08-09T09:08:09","slug":"week-end-sous-tension-au-royaume-uni-liberation","status":"publish","type":"post","link":"https:\/\/www.europesays.com\/fr\/306991\/","title":{"rendered":"week-end sous tension au Royaume-Uni \u2013 Lib\u00e9ration"},"content":{"rendered":"<p class=\"sc-ksZaOG ehjQrN text-element\">Des groupes locaux d\u2019extr\u00eame droite ont pr\u00e9vu de manifester ce week-end en Angleterre et au Pays de Galles, \u00e0 l\u2019occasion du \u00abAbolish Asylum Day\u00bb (\u00abJour pour abolir le droit d\u2019asile\u00bb). Des rassemblements ont d\u00e9j\u00e0 eu lieu ce vendredi devant une vingtaine d\u2019h\u00f4tels utilis\u00e9s par les services de l\u2019Etat pour h\u00e9berger des personnes ayant demand\u00e9 l\u2019asile au Royaume-Uni apr\u00e8s \u00eatre arriv\u00e9es sans titre de s\u00e9jour. Face \u00e0 eux, les militants antifascistes de l\u2019association \u00abStand up to racism\u00bb, \u00abdebout contre le racisme\u00bb, ont organis\u00e9 des contre-manifestations.<\/p>\n<p class=\"sc-ksZaOG ehjQrN text-element\">C\u2019\u00e9tait le cas devant l\u2019h\u00f4tel Britannia International du quartier financier de Canary Wharf, \u00e0 Londres, ce vendredi soir. Deux groupes se sont regard\u00e9s en chiens de fa\u00efence, s\u00e9par\u00e9s par des policiers qui font le tampon. D\u2019un c\u00f4t\u00e9, 200 manifestants anti-migrants scandant, \u00abces rues, [ce sont] nos rues !\u00bb ; de l\u2019autre, une centaine de personnes brandissant des affiches \u00abr\u00e9fugi\u00e9s, bienvenue !\u00bb.<\/p>\n<p class=\"sc-ksZaOG ehjQrN text-element\">Parmi les manifestants anti-immigration, certains interpellent le groupe d\u2019en face, l\u2019un d\u2019eux montre une pancarte des contre-manifestants gisant par terre et assure vouloir \u00abla casser en deux devant eux\u00bb. Un homme d\u2019\u00e2ge moyen, qui refuse de divulguer son vrai nom, est visiblement nerveux et tapote la batterie externe de son t\u00e9l\u00e9phone sur un poteau. \u00abPourquoi r\u00e9compensent-ils ces gens qui, d\u00e8s qu\u2019ils posent le pied sur notre sol, contreviennent \u00e0 nos lois ?\u00bb demande-t-il.<\/p>\n<p class=\"sc-ksZaOG ehjQrN text-element\">Assise tranquillement avec so<\/p>\n","protected":false},"excerpt":{"rendered":"Des groupes locaux d\u2019extr\u00eame droite ont pr\u00e9vu de manifester ce week-end en Angleterre et au Pays de Galles,&hellip;\n","protected":false},"author":2,"featured_media":306992,"comment_status":"","ping_status":"","sticky":false,"template":"","format":"standard","meta":{"footnotes":""},"categories":[1588],"tags":[11,1777,674,1076,1251,35286,12,473,1853,1851,1850,1852],"class_list":{"0":"post-306991","1":"post","2":"type-post","3":"status-publish","4":"format-standard","5":"has-post-thumbnail","7":"category-royaume-uni","8":"tag-actualites","9":"tag-eu","10":"tag-europe","11":"tag-extreme-droite","12":"tag-migrants","13":"tag-migrants-files","14":"tag-news","15":"tag-royaume-uni","16":"tag-royaume-uni-de-grande-bretagne-et-dirlande-du-nord","17":"tag-uk","18":"tag-united-kingdom","19":"tag-united-kingdom-of-great-britain-and-northern-ireland"},"share_on_mastodon":{"url":"https:\/\/pubeurope.com\/@fr\/114998024894756919","error":""},"_links":{"self":[{"href":"https:\/\/www.europesays.com\/fr\/wp-json\/wp\/v2\/posts\/306991","targetHints":{"allow":["GET"]}}],"collection":[{"href":"https:\/\/www.europesays.com\/fr\/wp-json\/wp\/v2\/posts"}],"about":[{"href":"https:\/\/www.europesays.com\/fr\/wp-json\/wp\/v2\/types\/post"}],"author":[{"embeddable":true,"href":"https:\/\/www.europesays.com\/fr\/wp-json\/wp\/v2\/users\/2"}],"replies":[{"embeddable":true,"href":"https:\/\/www.europesays.com\/fr\/wp-json\/wp\/v2\/comments?post=306991"}],"version-history":[{"count":0,"href":"https:\/\/www.europesays.com\/fr\/wp-json\/wp\/v2\/posts\/306991\/revisions"}],"wp:featuredmedia":[{"embeddable":true,"href":"https:\/\/www.europesays.com\/fr\/wp-json\/wp\/v2\/media\/306992"}],"wp:attachment":[{"href":"https:\/\/www.europesays.com\/fr\/wp-json\/wp\/v2\/media?parent=306991"}],"wp:term":[{"taxonomy":"category","embeddable":true,"href":"https:\/\/www.europesays.com\/fr\/wp-json\/wp\/v2\/categories?post=306991"},{"taxonomy":"post_tag","embeddable":true,"href":"https:\/\/www.europesays.com\/fr\/wp-json\/wp\/v2\/tags?post=306991"}],"curies":[{"name":"wp","href":"https:\/\/api.w.org\/{rel}","templated":true}]}}