{"id":307001,"date":"2025-08-09T09:13:11","date_gmt":"2025-08-09T09:13:11","guid":{"rendered":"https:\/\/www.europesays.com\/fr\/307001\/"},"modified":"2025-08-09T09:13:11","modified_gmt":"2025-08-09T09:13:11","slug":"jim-lovell-astronaute-miracule-de-lespace-et-de-la-mythique-mission-apollo-13-est-mort","status":"publish","type":"post","link":"https:\/\/www.europesays.com\/fr\/307001\/","title":{"rendered":"Jim Lovell, astronaute miracul\u00e9 de l\u2019espace et de la mythique mission Apollo 13, est mort"},"content":{"rendered":"<p>        <img decoding=\"async\" loading=\"lazy\" src=\"https:\/\/www.europesays.com\/fr\/wp-content\/uploads\/2025\/08\/8a59370_upload-1-92syz6jfzaej-afp-20240513-mhc24a00-285-v1-highres-jimlovell2013.jpg\"  width=\"728\" height=\"410\" alt=\"Miracul\u00e9 de l\u2019espace et de la mythique mission Apollo 13, l\u2019astronaute Jim Lovell est mort\"\/>  <\/p>\n<p>MARC CHARUEL \/ Photo12 via AFP<\/p>\n<p>Miracul\u00e9 de l\u2019espace et de la mythique mission Apollo 13, l\u2019astronaute Jim Lovell est mort<\/p>\n<p class=\"asset asset-text\">ESPACE &#8211; Une figure de l\u2019histoire spatiale. L\u2019astronaute am\u00e9ricain Jim Lovell, commandant de la c\u00e9l\u00e8bre mission lunaire <a href=\"https:\/\/www.huffingtonpost.fr\/culture\/article\/mort-de-bill-paxton-le-heros-de-twister-aliens-et-apollo-13_95126.html\" target=\"_blank\" rel=\"noopener\">Apollo 13<\/a>, qui avait \u00e9chapp\u00e9 de peu \u00e0 la catastrophe et tenu le monde en haleine, est mort \u00e0 l\u2019\u00e2ge de 97\u00a0ans, a annonc\u00e9 vendredi 8\u00a0ao\u00fbt <a href=\"https:\/\/www.huffingtonpost.fr\/international\/article\/la-nasa-devoile-des-photos-inedites-jamais-prises-aussi-pres-du-soleil_252653.html\" target=\"_blank\" rel=\"noopener\">la Nasa<\/a>.<\/p>\n<p class=\"asset asset-text\">Cet ancien pilote de la Navy s\u2019est \u00e9teint jeudi 7\u00a0ao\u00fbt dans l\u2019Illinois (\u00c9tats-Unis), a pr\u00e9cis\u00e9 l\u2019agence spatiale am\u00e9ricaine dans un communiqu\u00e9. Sa \u00ab\u00a0vie et (son) \u0153uvre ont inspir\u00e9 des millions de personnes au fil des d\u00e9cennies\u00a0\u00bb, a insist\u00e9 la Nasa, saluant son \u00ab\u00a0caract\u00e8re et son courage in\u00e9branlable\u00a0\u00bb.<\/p>\n<p class=\"asset asset-text\">\u00ab\u00a0Il y a des gens qui osent, qui r\u00eavent et qui m\u00e8nent les autres vers des endroits o\u00f9 ils n\u2019iraient pas seuls. Jim Lovell (&#8230;) en faisait partie\u00a0\u00bb, a pour sa part r\u00e9agi le c\u00e9l\u00e8bre acteur Tom Hanks, qui a incarn\u00e9 l\u2019astronaute au cin\u00e9ma, dans un message sur Instagram.<\/p>\n<p class=\"asset asset-text\">Jim Lovell avait fait par deux fois le voyage vers la Lune, sans jamais marcher sur l\u2019astre. Pour autant, l\u2019Am\u00e9ricain a marqu\u00e9 l\u2019histoire par sa participation \u00e0 l\u2019une des plus mythiques odyss\u00e9es spatiales, en pleine course \u00e0 la Lune durant la Guerre froide.<\/p>\n<p class=\"asset asset-text\">Lanc\u00e9e le 11\u00a0avril\u00a01970, neuf mois apr\u00e8s les premiers pas historiques de Neil Armstrong sur la Lune, la mission Apollo 13 command\u00e9e par Jim Lovell, et \u00e0 laquelle participaient les astronautes Fred Haise et Jack Swigert, aurait pu passer sous les radars. Mais c\u2019\u00e9tait sans compter l\u2019explosion d\u2019un r\u00e9servoir d\u2019oxyg\u00e8ne survenue en plein vol. De cette m\u00e9saventure spectaculaire provient la c\u00e9l\u00e8bre phrase \u00ab\u00a0Houston, nous avons un probl\u00e8me\u00a0\u00bb, lanc\u00e9e par les astronautes au centre de commandement de la Nasa, au Texas.<\/p>\n<p>    Sauvetage p\u00e9rilleux    <\/p>\n<p class=\"asset asset-text\">L\u2019Am\u00e9rique, qui consid\u00e9rait d\u00e9j\u00e0 ces vols comme une routine, se retrouva alors projet\u00e9e en direct dans une trag\u00e9die in\u00e9dite, trois hommes risquant de rester \u00e0 jamais dans l\u2019espace.<\/p>\n<p class=\"asset asset-text\">Gr\u00e2ce au sang-froid de Jim Lovell ainsi qu\u2019au professionnalisme et \u00e0 l\u2019ing\u00e9niosit\u00e9 de la Nasa, le trio s\u2019en est miraculeusement sorti, r\u00e9ussissant \u00e0 revenir sain et sauf sur Terre en transformant le module lunaire en canot de sauvetage. Cette op\u00e9ration p\u00e9rilleuse fut retransmise par les t\u00e9l\u00e9visions du monde entier puis adapt\u00e9e par Hollywood dans le blockbuster \u00e9ponyme \u00ab\u00a0Apollo 13\u00a0\u00bb sorti en 1995, avec Tom Hanks en vedette et dans lequel Jim Lovell fait lui-m\u00eame une apparition.<\/p>\n<p class=\"asset asset-text\">L\u2019\u00e9pop\u00e9e, qui valut \u00e0 l\u2019astronaute une m\u00e9daille d\u2019honneur, lui co\u00fbta toutefois son r\u00eave de Lune. Lui qui aurait d\u00fb y poser pied lors de la mission Apollo 13, qui devait \u00eatre la troisi\u00e8me \u00e0 permettre \u00e0 des hommes de fouler le sol lunaire, n\u2019est plus jamais reparti dans l\u2019espace.<\/p>\n<p class=\"asset asset-text\">Un petit crat\u00e8re de l\u2019astre a toutefois \u00e9t\u00e9 nomm\u00e9 en son honneur en 1970 par l\u2019Union astronomique internationale (IAU).<\/p>\n<p class=\"asset asset-text\">N\u00e9 le 25\u00a0mars\u00a01928 \u00e0 Cleveland dans l\u2019Ohio, Jim Lovell avait men\u00e9 une carri\u00e8re de pilote \u00e0 la Navy avant de rejoindre la Nasa. Il fut l\u2019un des premiers astronautes \u00e0 voler en orbite autour de la Lune et \u00e0 observer un \u00ab\u00a0lever de Terre\u00a0\u00bb, du nom du c\u00e9l\u00e8bre clich\u00e9 captur\u00e9 en d\u00e9cembre\u00a01968 et montrant la plan\u00e8te bleue se d\u00e9tachant de l\u2019obscurit\u00e9 de l\u2019espace.<\/p>\n<p class=\"asset asset-text\">\u00ab\u00a0Il \u00e9tait notre h\u00e9ros. Son optimisme in\u00e9branlable, son sens de l\u2019humour et sa fa\u00e7on de nous donner \u00e0 chacun le sentiment que nous pouvions accomplir l\u2019impossible nous manqueront\u00a0\u00bb, a r\u00e9agi sa famille dans un communiqu\u00e9 partag\u00e9 par la Nasa.<\/p>\n","protected":false},"excerpt":{"rendered":"MARC CHARUEL \/ Photo12 via AFP Miracul\u00e9 de l\u2019espace et de la mythique mission Apollo 13, l\u2019astronaute Jim&hellip;\n","protected":false},"author":2,"featured_media":307002,"comment_status":"","ping_status":"","sticky":false,"template":"","format":"standard","meta":{"footnotes":""},"categories":[2],"tags":[11,386,1011,27,14,4506,12,25],"class_list":{"0":"post-307001","1":"post","2":"type-post","3":"status-publish","4":"format-standard","5":"has-post-thumbnail","7":"category-actualites","8":"tag-actualites","9":"tag-espace","10":"tag-fr","11":"tag-france","12":"tag-international","13":"tag-lune","14":"tag-news","15":"tag-republique-francaise"},"share_on_mastodon":{"url":"https:\/\/pubeurope.com\/@fr\/114998044487968926","error":""},"_links":{"self":[{"href":"https:\/\/www.europesays.com\/fr\/wp-json\/wp\/v2\/posts\/307001","targetHints":{"allow":["GET"]}}],"collection":[{"href":"https:\/\/www.europesays.com\/fr\/wp-json\/wp\/v2\/posts"}],"about":[{"href":"https:\/\/www.europesays.com\/fr\/wp-json\/wp\/v2\/types\/post"}],"author":[{"embeddable":true,"href":"https:\/\/www.europesays.com\/fr\/wp-json\/wp\/v2\/users\/2"}],"replies":[{"embeddable":true,"href":"https:\/\/www.europesays.com\/fr\/wp-json\/wp\/v2\/comments?post=307001"}],"version-history":[{"count":0,"href":"https:\/\/www.europesays.com\/fr\/wp-json\/wp\/v2\/posts\/307001\/revisions"}],"wp:featuredmedia":[{"embeddable":true,"href":"https:\/\/www.europesays.com\/fr\/wp-json\/wp\/v2\/media\/307002"}],"wp:attachment":[{"href":"https:\/\/www.europesays.com\/fr\/wp-json\/wp\/v2\/media?parent=307001"}],"wp:term":[{"taxonomy":"category","embeddable":true,"href":"https:\/\/www.europesays.com\/fr\/wp-json\/wp\/v2\/categories?post=307001"},{"taxonomy":"post_tag","embeddable":true,"href":"https:\/\/www.europesays.com\/fr\/wp-json\/wp\/v2\/tags?post=307001"}],"curies":[{"name":"wp","href":"https:\/\/api.w.org\/{rel}","templated":true}]}}