{"id":307007,"date":"2025-08-09T09:17:12","date_gmt":"2025-08-09T09:17:12","guid":{"rendered":"https:\/\/www.europesays.com\/fr\/307007\/"},"modified":"2025-08-09T09:17:12","modified_gmt":"2025-08-09T09:17:12","slug":"malgre-les-avances-du-stade-toulousain-et-une-visite-a-ernest-wallon-un-grand-talent-a-prefere-le-rct","status":"publish","type":"post","link":"https:\/\/www.europesays.com\/fr\/307007\/","title":{"rendered":"malgr\u00e9 les avances du Stade Toulousain et une visite \u00e0 Ernest-Wallon, un grand talent a pr\u00e9f\u00e9r\u00e9 le RCT"},"content":{"rendered":"<p>Il sera l\u2019un des visages attendus de la prochaine saison de Top 14. Cet \u00e9t\u00e9, le Rugby Club Toulonnais a sign\u00e9 un joli coup en s\u2019attachant les services de Patrick Tuifua. Consid\u00e9r\u00e9 comme un grand espoir, le jeune joueur, n\u00e9 en Nouvelle-Cal\u00e9donie, s\u2019est d\u00e9velopp\u00e9 et a achev\u00e9 sa formation en Nouvelle-Z\u00e9lande. Les Baby Blacks souhaitaient le convaincre de repr\u00e9senter la nation, mais le troisi\u00e8me-ligne a fait le choix d\u2019\u00e9voluer avec les Bleus.<\/p>\n<p>Toulouse voulait l\u2019attirer<\/p>\n<p>Arriv\u00e9 sur les bords de la Rade lors de l\u2019\u00e9t\u00e9, Tuifua avait l\u2019embarras du choix en Top 14. En effet, Rugbyrama r\u00e9v\u00e8le que le Stade Rochelais, le Stade Fran\u00e7ais ou Montpellier \u00e9taient \u00e9galement sur les rangs. Surtout, le Stade Toulousain avait coch\u00e9 son nom et J\u00e9r\u00f4me Cazalbou avait m\u00eame re\u00e7u le jeune joueur pour qu\u2019il visite les installations d\u2019Ernest-Wallon. Tuifua a n\u00e9anmoins pr\u00e9f\u00e9r\u00e9 s\u2019engager avec le RCT, o\u00f9 il dispose d\u2019un cousin au centre de formation et d\u2019une s\u0153ur install\u00e9e dans la r\u00e9gion pour faciliter son acclimatation.<\/p>\n<p>Partagez cette info avec vos amis et vos proches en cliquant ici<br \/>Pour r\u00e9sumer<\/p>\n<p>Cet \u00e9t\u00e9, le Rugby Club Toulonnais s\u2019est adjug\u00e9 les services d\u2019un grand espoir du rugby fran\u00e7ais. Pourtant, ce dernier avait l\u2019embarras du choix entre La Rochelle, Toulouse, Paris ou Montpellier, tous d\u00e9sireux de l&rsquo;accueillir.<\/p>\n<p> <img decoding=\"async\" width=\"76\" height=\"76\" loading=\"lazy\" src=\"https:\/\/www.europesays.com\/fr\/wp-content\/uploads\/2025\/04\/avatar-quinze.png\" alt=\"Arnaud D\u00e9chelotte\"\/><\/p>\n","protected":false},"excerpt":{"rendered":"Il sera l\u2019un des visages attendus de la prochaine saison de Top 14. Cet \u00e9t\u00e9, le Rugby Club&hellip;\n","protected":false},"author":2,"featured_media":307008,"comment_status":"","ping_status":"","sticky":false,"template":"","format":"standard","meta":{"footnotes":""},"categories":[1416],"tags":[1011,27,479,1468,60],"class_list":{"0":"post-307007","1":"post","2":"type-post","3":"status-publish","4":"format-standard","5":"has-post-thumbnail","7":"category-rugby","8":"tag-fr","9":"tag-france","10":"tag-rugby","11":"tag-rugby-football","12":"tag-sports"},"share_on_mastodon":{"url":"https:\/\/pubeurope.com\/@fr\/114998060209926602","error":""},"_links":{"self":[{"href":"https:\/\/www.europesays.com\/fr\/wp-json\/wp\/v2\/posts\/307007","targetHints":{"allow":["GET"]}}],"collection":[{"href":"https:\/\/www.europesays.com\/fr\/wp-json\/wp\/v2\/posts"}],"about":[{"href":"https:\/\/www.europesays.com\/fr\/wp-json\/wp\/v2\/types\/post"}],"author":[{"embeddable":true,"href":"https:\/\/www.europesays.com\/fr\/wp-json\/wp\/v2\/users\/2"}],"replies":[{"embeddable":true,"href":"https:\/\/www.europesays.com\/fr\/wp-json\/wp\/v2\/comments?post=307007"}],"version-history":[{"count":0,"href":"https:\/\/www.europesays.com\/fr\/wp-json\/wp\/v2\/posts\/307007\/revisions"}],"wp:featuredmedia":[{"embeddable":true,"href":"https:\/\/www.europesays.com\/fr\/wp-json\/wp\/v2\/media\/307008"}],"wp:attachment":[{"href":"https:\/\/www.europesays.com\/fr\/wp-json\/wp\/v2\/media?parent=307007"}],"wp:term":[{"taxonomy":"category","embeddable":true,"href":"https:\/\/www.europesays.com\/fr\/wp-json\/wp\/v2\/categories?post=307007"},{"taxonomy":"post_tag","embeddable":true,"href":"https:\/\/www.europesays.com\/fr\/wp-json\/wp\/v2\/tags?post=307007"}],"curies":[{"name":"wp","href":"https:\/\/api.w.org\/{rel}","templated":true}]}}