{"id":307009,"date":"2025-08-09T09:18:09","date_gmt":"2025-08-09T09:18:09","guid":{"rendered":"https:\/\/www.europesays.com\/fr\/307009\/"},"modified":"2025-08-09T09:18:09","modified_gmt":"2025-08-09T09:18:09","slug":"wta-cincinnati-leylah-fernandez-en-pleine-recherche-dun-petit-ami-je-suis-tombee-sur-lui-et-son-message-a-retenu-mon-attention","status":"publish","type":"post","link":"https:\/\/www.europesays.com\/fr\/307009\/","title":{"rendered":"WTA &#8211; Cincinnati > Leylah Fernandez en pleine recherche d&rsquo;un petit ami \u00ab\u00a0Je suis tomb\u00e9e sur lui, et son message a retenu mon attention\u00a0\u00bb"},"content":{"rendered":"<p>Leylah Fernandez est un c\u0153ur \u00e0 prendre.<\/p>\n<p>En effet, la Canadienne n\u2019h\u00e9\u00adsite pas \u00e0 se confier aux jour\u00adna\u00adlistes sur sa situa\u00adtion person\u00adnelle en dehors des courts.<\/p>\n<p>Dans une inter\u00adview accord\u00e9e \u00e0 Tennis Channel avant son premier tour contre Bouzas Maneiro, elle s\u2019est confi\u00e9e sur sa r\u00e9cente rencontre\u00a0:<\/p>\n<p><strong>\u00ab\u202fOh l\u00e0 l\u00e0, c\u2019est un peu dur. J\u2019ai pass\u00e9 un bon moment avec ce type. Il \u00e9tait dr\u00f4le et sympa. C\u2019est un peu dur parce que beau\u00adcoup de ceux qui m\u2019ont envoy\u00e9 des messages sont inter\u00adna\u00adtio\u00adnaux, donc ils allaient venir en avion, et je me suis dit que je ne leur ferais pas \u00e7a. J\u2019ai donc attendu un jour de plus, et puis je suis tomb\u00e9e sur lui, et son message a retenu mon atten\u00adtion. Quand je lui ai demand\u00e9\u00a0: \u2018As\u2010tu vu ma vid\u00e9o ?\u2019, il m\u2019a r\u00e9pondu\u00a0: \u2018Non, je ne l\u2019ai pas vue\u2019. Son premier message a juste attir\u00e9 mon atten\u00adtion, et ensuite, je l\u2019ai traqu\u00e9 pour m\u2019as\u00adsurer qu\u2019il \u00e9tait r\u00e9el. C\u2019est quel\u00adqu\u2019un de bien, il avait l\u2019air sympa. J\u2019ai ensuite demand\u00e9 l\u2019avis de sa famille et de ses coll\u00e8gues pour m\u2019as\u00adsurer qu\u2019ils \u00e9taient d\u2019ac\u00adcord. On a eu un deuxi\u00e8me rendez\u2010vous et on reste en contact, on verra\u00a0bien.\u202f\u00bb<\/strong><\/p>\n<p>Reste \u00e0 savoir si cette recherche n\u2019en\u00adta\u00adchera pas ses futurs r\u00e9sul\u00adtats, elle qui reste sur un titre au WTA 500 de Washington.<\/p>\n<p class=\"post-published-date\" style=\"color: silver; font-size: 75%; text-align: left;\">Publi\u00e9 le samedi 9 ao\u00fbt 2025 \u00e0 10:15<\/p>\n","protected":false},"excerpt":{"rendered":"Leylah Fernandez est un c\u0153ur \u00e0 prendre. En effet, la Canadienne n\u2019h\u00e9\u00adsite pas \u00e0 se confier aux jour\u00adna\u00adlistes&hellip;\n","protected":false},"author":2,"featured_media":266106,"comment_status":"","ping_status":"","sticky":false,"template":"","format":"standard","meta":{"footnotes":""},"categories":[1415],"tags":[1011,27,60,1467],"class_list":{"0":"post-307009","1":"post","2":"type-post","3":"status-publish","4":"format-standard","5":"has-post-thumbnail","7":"category-tennis","8":"tag-fr","9":"tag-france","10":"tag-sports","11":"tag-tennis"},"share_on_mastodon":{"url":"https:\/\/pubeurope.com\/@fr\/114998064107361944","error":""},"_links":{"self":[{"href":"https:\/\/www.europesays.com\/fr\/wp-json\/wp\/v2\/posts\/307009","targetHints":{"allow":["GET"]}}],"collection":[{"href":"https:\/\/www.europesays.com\/fr\/wp-json\/wp\/v2\/posts"}],"about":[{"href":"https:\/\/www.europesays.com\/fr\/wp-json\/wp\/v2\/types\/post"}],"author":[{"embeddable":true,"href":"https:\/\/www.europesays.com\/fr\/wp-json\/wp\/v2\/users\/2"}],"replies":[{"embeddable":true,"href":"https:\/\/www.europesays.com\/fr\/wp-json\/wp\/v2\/comments?post=307009"}],"version-history":[{"count":0,"href":"https:\/\/www.europesays.com\/fr\/wp-json\/wp\/v2\/posts\/307009\/revisions"}],"wp:featuredmedia":[{"embeddable":true,"href":"https:\/\/www.europesays.com\/fr\/wp-json\/wp\/v2\/media\/266106"}],"wp:attachment":[{"href":"https:\/\/www.europesays.com\/fr\/wp-json\/wp\/v2\/media?parent=307009"}],"wp:term":[{"taxonomy":"category","embeddable":true,"href":"https:\/\/www.europesays.com\/fr\/wp-json\/wp\/v2\/categories?post=307009"},{"taxonomy":"post_tag","embeddable":true,"href":"https:\/\/www.europesays.com\/fr\/wp-json\/wp\/v2\/tags?post=307009"}],"curies":[{"name":"wp","href":"https:\/\/api.w.org\/{rel}","templated":true}]}}