{"id":307018,"date":"2025-08-09T09:24:10","date_gmt":"2025-08-09T09:24:10","guid":{"rendered":"https:\/\/www.europesays.com\/fr\/307018\/"},"modified":"2025-08-09T09:24:10","modified_gmt":"2025-08-09T09:24:10","slug":"mercredi-sur-netflix-du-plus-oubliable-au-plus-marquant-on-a-classe-dix-nouveaux-personnages-de-la-saison-2","status":"publish","type":"post","link":"https:\/\/www.europesays.com\/fr\/307018\/","title":{"rendered":"\u00ab\u00a0Mercredi\u00a0\u00bb sur Netflix\u00a0: du plus oubliable au plus marquant, on a class\u00e9 dix nouveaux personnages de la saison\u00a02"},"content":{"rendered":"<p class=\"paragraph text_align_left lp-f-body-02\">D\u00e8s le lendemain de la sortie de <a href=\"https:\/\/www.leparisien.fr\/culture-loisirs\/series\/mercredi-saison-2-tim-burton-aux-commandes-dune-suite-toujours-aussi-jubilatoire-06-08-2025-37RFFH7XMVC5JG54SC3TOJZIVI.php\" target=\"_blank\" rel=\"noreferrer nofollow noopener\">la premi\u00e8re partie de sa saison 2<\/a> sur Netflix ce mercredi 6 ao\u00fbt, \u00ab Mercredi \u00bb a d\u00e9j\u00e0 retrouv\u00e9 la premi\u00e8re place du top des s\u00e9ries les plus vues de la plate-forme. Dans ces quatre volets, l\u2019h\u00e9ro\u00efne incarn\u00e9e par <a href=\"https:\/\/www.leparisien.fr\/culture-loisirs\/series\/la-plage-de-mercredi-lancee-par-tim-burton-et-jenna-ortega-la-serie-de-netflix-sinstalle-sur-les-quais-01-08-2025-N2XELW3I4VBC3OIN45HLCZNCEQ.php\" target=\"_blank\" rel=\"noreferrer nofollow noopener\">Jenna Ortega<\/a> croise nombre de nouveaux protagonistes. Certains sont tr\u00e8s r\u00e9ussis, d\u2019autres moins.<\/p>\n<p class=\"paragraph text_align_left lp-f-body-02\">Voici notre classement, du plus oubliable au plus marquant. Nous y d\u00e9voilons des \u00e9l\u00e9ments cl\u00e9s de cette deuxi\u00e8me saison, \u00e0 lire \u00e0 vos risques et p\u00e9rils. \u00c0 noter que <a href=\"https:\/\/www.leparisien.fr\/culture-loisirs\/musique\/lady-gaga-sur-la-plage-de-copacabana-les-images-de-son-immense-concert-gratuit-04-05-2025-PLS6OMS6EZHDFEQ2BIAZ4Z5ZPY.php\" target=\"_blank\" rel=\"noreferrer nofollow noopener\">Lady Gaga<\/a>, annonc\u00e9e de longue date au g\u00e9n\u00e9rique de cette saison 2, n\u2019appara\u00eetra que dans la deuxi\u00e8me partie, disponible \u00e0 partir du 3 septembre.<\/p>\n","protected":false},"excerpt":{"rendered":"D\u00e8s le lendemain de la sortie de la premi\u00e8re partie de sa saison 2 sur Netflix ce mercredi&hellip;\n","protected":false},"author":2,"featured_media":307019,"comment_status":"","ping_status":"","sticky":false,"template":"","format":"standard","meta":{"footnotes":""},"categories":[1359],"tags":[872,58,59,1011,27,973,1314],"class_list":{"0":"post-307018","1":"post","2":"type-post","3":"status-publish","4":"format-standard","5":"has-post-thumbnail","7":"category-people","8":"tag-culture-et-loisirs","9":"tag-divertissement","10":"tag-entertainment","11":"tag-fr","12":"tag-france","13":"tag-people","14":"tag-series"},"share_on_mastodon":{"url":"https:\/\/pubeurope.com\/@fr\/114998087761367453","error":""},"_links":{"self":[{"href":"https:\/\/www.europesays.com\/fr\/wp-json\/wp\/v2\/posts\/307018","targetHints":{"allow":["GET"]}}],"collection":[{"href":"https:\/\/www.europesays.com\/fr\/wp-json\/wp\/v2\/posts"}],"about":[{"href":"https:\/\/www.europesays.com\/fr\/wp-json\/wp\/v2\/types\/post"}],"author":[{"embeddable":true,"href":"https:\/\/www.europesays.com\/fr\/wp-json\/wp\/v2\/users\/2"}],"replies":[{"embeddable":true,"href":"https:\/\/www.europesays.com\/fr\/wp-json\/wp\/v2\/comments?post=307018"}],"version-history":[{"count":0,"href":"https:\/\/www.europesays.com\/fr\/wp-json\/wp\/v2\/posts\/307018\/revisions"}],"wp:featuredmedia":[{"embeddable":true,"href":"https:\/\/www.europesays.com\/fr\/wp-json\/wp\/v2\/media\/307019"}],"wp:attachment":[{"href":"https:\/\/www.europesays.com\/fr\/wp-json\/wp\/v2\/media?parent=307018"}],"wp:term":[{"taxonomy":"category","embeddable":true,"href":"https:\/\/www.europesays.com\/fr\/wp-json\/wp\/v2\/categories?post=307018"},{"taxonomy":"post_tag","embeddable":true,"href":"https:\/\/www.europesays.com\/fr\/wp-json\/wp\/v2\/tags?post=307018"}],"curies":[{"name":"wp","href":"https:\/\/api.w.org\/{rel}","templated":true}]}}