{"id":307020,"date":"2025-08-09T09:25:10","date_gmt":"2025-08-09T09:25:10","guid":{"rendered":"https:\/\/www.europesays.com\/fr\/307020\/"},"modified":"2025-08-09T09:25:10","modified_gmt":"2025-08-09T09:25:10","slug":"apres-une-experience-de-mort-imminente-il-se-jette-a-corps-perdu-dans-la-peinture","status":"publish","type":"post","link":"https:\/\/www.europesays.com\/fr\/307020\/","title":{"rendered":"apr\u00e8s une exp\u00e9rience de mort imminente, il se jette \u00e0 corps perdu dans la peinture"},"content":{"rendered":"<p>            Par<br \/>\n        <strong><br \/>\n            <a href=\"https:\/\/actu.fr\/auteur\/anthony-bonnet\" title=\"Consulter tous les articles de Anthony Bonnet\" rel=\"nofollow noopener\" target=\"_blank\">Anthony Bonnet<\/a><br \/>\n        <\/strong><\/p>\n<p>        Publi\u00e9 le<\/p>\n<p>            9 ao\u00fbt 2025 \u00e0 7h00        <\/p>\n<p>Une sir\u00e8ne de pompiers sonnant en continu. Ce bruit infernal a surgi dans la t\u00eate de <b>Tristan Vyskoc <\/b>un jour de mai 2011. Et a boulevers\u00e9 sa vie. \u00ab Je ne pouvais plus me concentrer. J\u2019\u00e9tais au bord du vide. Je travaillais dans le monde de la finance, et j\u2019ai d\u00fb vendre l\u2019entreprise que je venais de cr\u00e9er \u00bb, raconte celui qui est accueilli en cet \u00e9t\u00e9 2025 \u00e0 <a href=\"https:\/\/actu.fr\/normandie\/serquigny_27622\/pres-de-bernay-quand-trois-artistes-se-rencontrent-a-la-dame-blanche_62799780.html\" rel=\"nofollow noopener\" target=\"_blank\">la Dame Blanche<\/a>, la galerie d\u2019art situ\u00e9e \u00e0 <a href=\"https:\/\/actu.fr\/normandie\/serquigny_27622\" rel=\"nofollow noopener\" target=\"_blank\">Serquigny (Eure).<\/a><\/p>\n<p>\u00ab\u00a0J\u2019\u00e9tais en l\u00e9vitation\u00a0\u00bb\u00a0<\/p>\n<p class=\" wall-content\">\u00c0 l\u2019\u00e9poque, m\u00eame si elle l\u2019attirait, <b>la peinture<\/b> se r\u00e9sumait \u00e0 un passe-temps le week-end pour lui permettre de se sortir l\u2019esprit des march\u00e9s boursiers, lui qui avait suivi une dizaine de cours du soir \u00e0 l\u2019\u00c9cole des Beaux-Arts.<\/p>\n<p class=\" wall-content\">Son rem\u00e8de, afin d\u2019interrompre l\u2019acouph\u00e8ne, il le trouve dans <b>le sport. <\/b>\u00ab C\u2019est en courant que le bruit s\u2019arr\u00eatait. Je me suis mis \u00e0 beaucoup courir et la course m\u2019a litt\u00e9ralement sauv\u00e9 \u00bb, dit-il.<\/p>\n<p class=\" wall-content\">L\u2019essai tent\u00e9 \u00e0 l\u2019ultra-trail organis\u00e9 sur <b>l\u2019\u00eele de la R\u00e9union<\/b>, dont il est originaire, l\u2019incite \u00e0 s\u2019inscrire \u00e0 celui du <b>Mont-Blanc <\/b>en septembre\u00a02015. Une \u00e9preuve exigeante, souvent consid\u00e9r\u00e9e comme la plus prestigieuse au monde par les participants. Tristan Vyskoc n\u2019en est pas sorti indemne.<\/p>\n<blockquote class=\"ac-article-quote wall-content\">\n<p>Mes reins se sont arr\u00eat\u00e9s, j\u2019ai d\u00fb \u00eatre transf\u00e9r\u00e9 en urgence absolue \u00e0 Paris.<\/p>\n<p>Tristan Vyskoc<\/p><\/blockquote>\n<p class=\" wall-content\">Des pronostics sombres sont \u00e9tablis, <b>une dialyse \u00e0 vie <\/b>est \u00e9voqu\u00e9e. Allong\u00e9 sur son<b> lit d\u2019h\u00f4pital<\/b>, il va alors conna\u00eetre <b>une exp\u00e9rience de mort imminente<\/b> : \u00ab Je suis sorti de mon corps, j\u2019\u00e9tais en l\u00e9vitation \u00bb.<\/p>\n<p class=\" wall-content\">Ce moment, <a href=\"https:\/\/actu.fr\/societe\/experience-de-mort-imminente-ce-que-revele-aujourd-hui-la-science_62699886.html\" rel=\"nofollow noopener\" target=\"_blank\">dont les m\u00e9canismes c\u00e9r\u00e9braux int\u00e9ressent les chercheurs<\/a>, il lui est difficile d\u2019en d\u00e9terminer la dur\u00e9e. Il ne le d\u00e9crit pas comme un tunnel, mais plut\u00f4t comme une \u00ab bulle apaisante \u00bb, \u00ab des nuages \u00bb.<\/p>\n<p>Peindre en \u00e9criture automatique<\/p>\n<p class=\" wall-content\">Revenu \u00e0 lui, sans s\u00e9quelles autres que la perte du go\u00fbt et de l\u2019odorat, Tristan Vyskoc part se reposer \u00e0<b> l\u2019\u00eele de R\u00e9<\/b>. Il ne se doute pas qu\u2019en Charente-Maritime d\u2019autres instants inattendus vont s\u2019imposer \u00e0 lui.<\/p>\n<blockquote class=\"ac-article-quote wall-content\">\n<p>J\u2019ai \u00e9prouv\u00e9 le besoin de peindre et de dessiner, en \u00e9criture automatique. Le geste venait tout seul. C\u2019\u00e9tait presque comme une transe.<\/p>\n<p>Tristan Vyskoc<\/p><\/blockquote>\n<p class=\" wall-content\">Pendant ces journ\u00e9es berc\u00e9es par l\u2019air iod\u00e9, le professionnel de la finance esquisse, efface, recommence\u2026 Il peint sans s\u2019arr\u00eater, jusqu\u2019\u00e0 l\u2019\u00e9puisement, et <b>combat son acouph\u00e8ne<\/b>, lequel se terre momentan\u00e9ment.<\/p>\n<p class=\" wall-content\">\u00ab Comme je suis cart\u00e9sien, j\u2019ai eu besoin de comprendre ce qu\u2019il m\u2019arrivait \u00bb, poursuit Tristan Vyskoc, qui d\u00e9couvre, au gr\u00e9 de ses recherches, un article consacr\u00e9 au<b> syndrome du \u00ab savant acquis \u00bb<\/b>.<\/p>\n<p class=\" wall-content\">Des personnes se mettent \u00e0 d\u00e9velopper des facult\u00e9s scientifiques ou artistiques exceptionnelles <b>apr\u00e8s un traumatisme grave<\/b>. Tristan Vyskoc a-t-il \u00e9t\u00e9 concern\u00e9 par ce ph\u00e9nom\u00e8ne extr\u00eamement rare ? Aucune certitude. \u00ab C\u2019est une hypoth\u00e8se \u00bb, signale-t-il.<\/p>\n<p class=\" wall-content\">Toujours est-il qu\u2019il est persuad\u00e9 d\u2019avoir \u00ab r\u00e9cup\u00e9r\u00e9 un don \u00bb, celui de son grand-p\u00e8re, <b>Ren\u00e9-Marie Castaing<\/b>, grand-prix de Rome en 1924. \u00ab J\u2019avais <b>un don en moi <\/b>et c\u2019est sorti \u00e0 ce moment-l\u00e0. Quelque chose s\u2019est pass\u00e9. \u00bb<\/p>\n<p>\u00ab\u00a0Je peins pour raconter une histoire\u00a0\u00bb<\/p>\n<p class=\" wall-content\">L\u2019autodidacte plonge dans ce nouveau monde, et de fa\u00e7on beaucoup plus limpide que ses d\u00e9buts chaotiques dans la peinture. <b>Des souvenirs d\u2019enfance<\/b> s\u2019expriment avec aisance sur ses toiles en noir et blanc, con\u00e7ues \u00e0 l\u2019encre de Chine.<\/p>\n<p class=\" wall-content\">Au bout de deux ans, il participe \u00e0 <b>une premi\u00e8re exposition<\/b>, en 2017 \u00e0 Paris. Puis \u00e0 d\u2019autres au fil des ann\u00e9es, \u00e0 Lille, Chamonix, Venise\u2026<\/p>\n<p class=\" wall-content\">Devenu professionnel, le peintre r\u00e9alise <b>une grande fresque sur les montagnes<\/b>, seize vues du Mont-Blanc grav\u00e9es au plus profond de lui, sur ces sommets o\u00f9 tout a failli s\u2019arr\u00eater.<\/p>\n<p class=\" wall-content\">\u00ab Ce n\u2019est pas un panorama, c\u2019est<b> une carte mentale<\/b>. Les images encore pr\u00e9gnantes d\u2019un trac\u00e9 qui m\u2019a men\u00e9 pr\u00e8s de la ligne rouge \u00bb, illustre-t-il.<\/p>\n<p>    <img   decoding=\"async\" loading=\"lazy\" class=\"size-large\" src=\"https:\/\/www.europesays.com\/fr\/wp-content\/uploads\/2025\/08\/dbac2b354b88610bc2b354b88f3bc2v-960x640.jpg\" alt=\"Tristan Vyskoc\" width=\"960\" height=\"640\"\/><br \/>\n    Sous les profondeurs, une \u0153uvre de deux m\u00e8tres de hauteur et autant de largeur. \u00a9Eveil Normand \/ AB<\/p>\n<p class=\" wall-content\">Une autre s\u00e9rie est un hommage aux<b> for\u00eats primaires de la R\u00e9union<\/b>, l\u2019\u00eele o\u00f9 il est n\u00e9. Fils d\u2019un dirigeant d\u2019entreprise et d\u2019une cheffe de cabine chez Air France, il a v\u00e9cu en outre-mer jusqu\u2019\u00e0 l\u2019\u00e2ge de 13\u00a0ans.<\/p>\n<p class=\" wall-content\">Un univers o\u00f9 il se sent bien, comme tous ceux qu\u2019il peint. Le bleu presque hypnotique des montagnes pr\u00e9c\u00e9demment \u00e9voqu\u00e9es laisse place ici au vert des<b> immensit\u00e9s v\u00e9g\u00e9tales<\/b> o\u00f9 il aime se perdre.<\/p>\n<blockquote class=\"ac-article-quote wall-content\">\n<p>La vue se trouble, il n\u2019y a plus de rep\u00e8res. Ressour\u00e7ante, apaisante, la for\u00eat peut aussi \u00eatre myst\u00e9rieuse, angoissante. La for\u00eat est une source de reconnexion permanente \u00e0 notre moi profond, \u00e0 notre \u00e9lan vital.\u00a0<\/p>\n<p>Tristan Vyskoc<\/p><\/blockquote>\n<p class=\" wall-content\">Tristan Vyskoc peint \u00ab pour raconter une histoire \u00bb. Il travaille sur une nouvelle s\u00e9rie d\u00e9di\u00e9e au <b>monde de la mer<\/b>, aux profondeurs, \u00ab tout ce que nous n\u2019avons pas encore d\u00e9couvert \u00bb.<\/p>\n<p>L\u2019int\u00e9r\u00eat pour l\u2019intelligence artificielle\u00a0<\/p>\n<p class=\" wall-content\">\u00c0 l\u2019instar des paysages de montagnes ou de for\u00eats, la prise de conscience du <b>changement climatique<\/b> lui sert de guide.<\/p>\n<p class=\" wall-content\">\u00ab Plus on regarde la nature, plus on la respecte. Et si nous regardions la beaut\u00e9 du monde, nous serions moins tent\u00e9s de le d\u00e9truire \u00bb, pense-t-il, lui qui est aussi tr\u00e8s curieux d\u2019\u00e9tudier <b>les \u00e9volutions technologiques<\/b>, une autre r\u00e9alit\u00e9 \u00e0 laquelle on ne peut pas \u00e9chapper.<\/p>\n<blockquote class=\"ac-article-quote wall-content\">\n<p>C\u2019est bien d\u2019utiliser les nouvelles sciences pour essayer de s\u2019en servir pour la cr\u00e9ation. Je trouve important de s\u2019y int\u00e9resser. Dans mes \u0153uvres, il y a aussi la place de l\u2019homme par rapport \u00e0 cela.<\/p>\n<p>Tristan Vyskoc<\/p><\/blockquote>\n<p class=\" wall-content\">Le peintre confie avoir recours \u00e0 l\u2019intelligence artificielle. \u00ab Je demande \u00e0<b> ChatGPT<\/b> : \u00a0\u00bbpeux-tu me faire une grotte sous-marine avec de la lumi\u00e8re ?\u00a0\u00bb Et le r\u00e9sultat est assez bluffant. \u00bb<\/p>\n<p>S\u00e9ances de coaching<\/p>\n<p class=\" wall-content\">Son parcours atypique, Tristan Vyskoc le partage \u00e0 travers<b> des conf\u00e9rences et des s\u00e9ances de coaching<\/b>, dans le monde entrepreneurial aupr\u00e8s de managers, comme dans celui de la culture aux c\u00f4t\u00e9s d\u2019un chef d\u2019orchestre.<\/p>\n<blockquote class=\"ac-article-quote wall-content\">\n<p>Des gens m\u2019ont demand\u00e9 de les accompagner et je me suis form\u00e9. Je les aide \u00e0 aller chercher le meilleur d\u2019eux-m\u00eames. On voit qu\u2019il y a une vraie souffrance pour s\u2019adapter \u00e0 un monde mouvant. Quand cet acouph\u00e8ne est apparu dans ma vie, je me suis demand\u00e9 comment vivre avec.\u00a0<\/p>\n<p>Tristan Vyskoc<\/p><\/blockquote>\n<p class=\" wall-content\">Ce bruit insupportable n\u2019a pas disparu. Entre son atelier \u00e0<b> Paris<\/b>, dans l\u2019avenue de la Grande-Arm\u00e9e, et<b> le Calvados<\/b>, o\u00f9 il poss\u00e8de une r\u00e9sidence pr\u00e8s de Blangy-le-Ch\u00e2teau, l\u2019artiste de 54\u00a0ans s\u2019est \u00ab adapt\u00e9 \u00bb et a fait preuve de r\u00e9silience.<\/p>\n<p class=\" wall-content\">La Normandie lui pla\u00eet \u00e9norm\u00e9ment, il compte y passer de plus en plus de temps. \u00ab Les ciels, les lumi\u00e8res sont tr\u00e8s inspirants \u00bb, conclut Tristan Vyskoc avec la certitude que cette <b>atmosph\u00e8re apaisante<\/b> lui permettra d\u2019\u00e9largir sa palette.<\/p>\n<p><a href=\"https:\/\/vyskoc.com\/\" rel=\"nofollow noopener\" target=\"_blank\">Le site internet de Tristan Vyskoc<\/a><br \/>Exposition jusqu\u2019au 23\u00a0ao\u00fbt. Ouverture tous les samedis et dimanches de 14 h \u00e0 18 h.<br \/>Centre d\u2019art La Dame Blanche, 8C Hameau de Courcelles, 27 470 Serquigny<br \/>La Dame Blanche a le plaisir d\u2019inviter le public \u00e0 la rencontre de Tristan Vyskoc, Jean-Marie Torque et Thierry Dhuisme dimanche 10\u00a0ao\u00fbt \u00e0 13 h, autour d\u2019un cocktail, pour partager un beau moment d\u2019\u00e9changes et saisir l\u2019occasion d\u2019acqu\u00e9rir une \u0153uvre.<\/p>\n<p class=\" wall-content\">Suivez toute l\u2019actualit\u00e9 de vos villes et m\u00e9dias favoris en vous inscrivant \u00e0 <a href=\"https:\/\/moncompte.actu.fr\" title=\"D\u00e9couvez Mon Actu\" rel=\"nofollow noopener\" data-trk=\"{&quot;cta&quot;:{&quot;action&quot;:&quot;https:\\\/\\\/moncompte.actu.fr&quot;,&quot;category&quot;:&quot;mon compte&quot;,&quot;from&quot;:&quot;article footer&quot;,&quot;name&quot;:&quot;Mon actu&quot;,&quot;type&quot;:&quot;cta&quot;}}\" target=\"_blank\">Mon Actu<\/a>.<\/p>\n","protected":false},"excerpt":{"rendered":"Par Anthony Bonnet Publi\u00e9 le 9 ao\u00fbt 2025 \u00e0 7h00 Une sir\u00e8ne de pompiers sonnant en continu. Ce&hellip;\n","protected":false},"author":2,"featured_media":307021,"comment_status":"","ping_status":"","sticky":false,"template":"","format":"standard","meta":{"footnotes":""},"categories":[1358],"tags":[1063,1348,1384,1385,1386,58,59,1011,27,1652,240],"class_list":{"0":"post-307020","1":"post","2":"type-post","3":"status-publish","4":"format-standard","5":"has-post-thumbnail","7":"category-arts-et-design","8":"tag-animations","9":"tag-arts","10":"tag-arts-and-design","11":"tag-arts-et-design","12":"tag-design","13":"tag-divertissement","14":"tag-entertainment","15":"tag-fr","16":"tag-france","17":"tag-loisirs-culture","18":"tag-temoignage"},"share_on_mastodon":{"url":"https:\/\/pubeurope.com\/@fr\/114998091784686178","error":""},"_links":{"self":[{"href":"https:\/\/www.europesays.com\/fr\/wp-json\/wp\/v2\/posts\/307020","targetHints":{"allow":["GET"]}}],"collection":[{"href":"https:\/\/www.europesays.com\/fr\/wp-json\/wp\/v2\/posts"}],"about":[{"href":"https:\/\/www.europesays.com\/fr\/wp-json\/wp\/v2\/types\/post"}],"author":[{"embeddable":true,"href":"https:\/\/www.europesays.com\/fr\/wp-json\/wp\/v2\/users\/2"}],"replies":[{"embeddable":true,"href":"https:\/\/www.europesays.com\/fr\/wp-json\/wp\/v2\/comments?post=307020"}],"version-history":[{"count":0,"href":"https:\/\/www.europesays.com\/fr\/wp-json\/wp\/v2\/posts\/307020\/revisions"}],"wp:featuredmedia":[{"embeddable":true,"href":"https:\/\/www.europesays.com\/fr\/wp-json\/wp\/v2\/media\/307021"}],"wp:attachment":[{"href":"https:\/\/www.europesays.com\/fr\/wp-json\/wp\/v2\/media?parent=307020"}],"wp:term":[{"taxonomy":"category","embeddable":true,"href":"https:\/\/www.europesays.com\/fr\/wp-json\/wp\/v2\/categories?post=307020"},{"taxonomy":"post_tag","embeddable":true,"href":"https:\/\/www.europesays.com\/fr\/wp-json\/wp\/v2\/tags?post=307020"}],"curies":[{"name":"wp","href":"https:\/\/api.w.org\/{rel}","templated":true}]}}