{"id":307022,"date":"2025-08-09T09:26:16","date_gmt":"2025-08-09T09:26:16","guid":{"rendered":"https:\/\/www.europesays.com\/fr\/307022\/"},"modified":"2025-08-09T09:26:16","modified_gmt":"2025-08-09T09:26:16","slug":"la-fille-de-la-foudre-la-resilience-du-diamant-gabrielle-boulianne-tremblay","status":"publish","type":"post","link":"https:\/\/www.europesays.com\/fr\/307022\/","title":{"rendered":"La fille de la foudre | La r\u00e9silience du diamant Gabrielle Boulianne-Tremblay"},"content":{"rendered":"<p class=\"lead textModule textModule--type-lead \" style=\"\">\u00ab\u00a0La fille de la foudre, ce n\u2019est pas le roman que je voulais \u00e9crire\u00a0\u00bb, laisse tomber Gabrielle Boulianne-Tremblay au sujet de son nouveau livre, la suite attendue de La fille d\u2019elle-m\u00eame. \u00ab\u00a0La fille de la foudre, c\u2019est le livre que j\u2019avais besoin d\u2019\u00e9crire.\u00a0\u00bb Rencontre avec une femme brillante, dans tous les sens du terme.<\/p>\n<p>                    Publi\u00e9 \u00e0 5\u00a0h\u00a000<\/p>\n<p>    <a class=\"print\" href=\"https:\/\/www.lapresse.ca\/arts\/litterature\/2025-08-09\/la-fille-de-la-foudre\/javascript:window.print();\" title=\"Imprimer la page\" rel=\"nofollow noopener\" target=\"_blank\"><\/p>\n<p>        <img loading=\"lazy\" decoding=\"async\" width=\"16\" height=\"18\" src=\"https:\/\/www.europesays.com\/fr\/wp-content\/uploads\/2025\/04\/share-icon.png\" alt=\"Partager\"\/><\/p>\n<p class=\"paragraph textModule textModule--type-paragraph \" style=\"\">Gabrielle Boulianne-Tremblay aurait difficilement pu r\u00eaver de mieux. Avec La fille d\u2019elle-m\u00eame, son premier roman, paru en f\u00e9vrier\u00a02021, elle est non seulement devenue une des porte-parole les plus respect\u00e9es de la communaut\u00e9 trans, mais aussi, surtout, une \u00e9crivaine \u00e0 part enti\u00e8re, laur\u00e9ate en plus de quelques prestigieuses r\u00e9compenses comme le Prix des libraires du Qu\u00e9bec et le Prix Biblioth\u00e8que et Archives Canada.<\/p>\n<p class=\"paragraph textModule textModule--type-paragraph \" style=\"\">\u00ab\u00a0Je suis contente, d\u2019un point de vue social, dit-elle un peu plus de quatre ans plus tard,\u00a0parce que le livre s\u2019est beaucoup lu en dehors de la sph\u00e8re LGBTQ+. J\u2019ai re\u00e7u plusieurs t\u00e9moignages de la part de parents qui m\u2019ont dit que \u00e7a les avait aid\u00e9s \u00e0 comprendre ce que vivaient leurs enfants.\u00a0\u00bb<\/p>\n<p class=\"paragraph textModule textModule--type-paragraph \" style=\"\">Mais pour une personne trans, effectuer une transition de genre, comme celle que ce premier roman mettait po\u00e9tiquement en r\u00e9cit, ne signifie pas pour autant que tout ne sera d\u00e9sormais que bonheur, douceur et all\u00e9gresse.<\/p>\n<p>                                        <img decoding=\"async\" src=\"https:\/\/www.europesays.com\/fr\/wp-content\/uploads\/2025\/08\/143576d5115e31cb89e85f2cdaac3cb6.jpg\" alt=\"\" class=\"photoModule__visual\" itemprop=\"contentUrl url\"\/><\/p>\n<p class=\"credit photoModule__caption photoModule__caption--credit\" style=\"\">\n                    PHOTO FRAN\u00c7OIS ROY, LA PRESSE\n                <\/p>\n<p class=\"description photoModule__caption photoModule__caption--description\" style=\"\">\n                    Gabrielle Boulianne-Tremblay\n                <\/p>\n<p class=\"paragraph textModule textModule--type-paragraph \" style=\"\">Dans La fille de la foudre, Gabrielle Boulianne-Tremblay renoue avec son alter ego autofictif qui collectionne les probl\u00e8mes de d\u00e9pendance, incapable de se passer de la chaleureuse morsure de l\u2019alcool et de la corrosive chaleur des hommes.<\/p>\n<p class=\"paragraph textModule textModule--type-paragraph \" style=\"\">Croyait-elle qu\u2019une fois son identit\u00e9 de femme affirm\u00e9e, il ne resterait plus qu\u2019\u00e0 \u00eatre heureuse\u00a0? Elle sourit. \u00ab\u00a0Je pense que oui.\u00a0\u00bb Silence. \u00ab\u00a0Il y a une partie de moi qui \u00e9tait tr\u00e8s optimiste, enthousiaste l\u00e0-dessus.\u00a0\u00bb<\/p>\n<p>                    Un r\u00eave qu\u2019on ne r\u00eave plus<\/p>\n<p class=\"paragraph textModule textModule--type-paragraph \" style=\"\">Si La fille d\u2019elle-m\u00eame r\u00e9pondait \u00e0 la question \u00ab\u00a0Qui suis-je\u00a0?\u00a0\u00bb, La fille de la foudre creuse donc plus loin. \u00ab\u00a0De quoi suis-je compos\u00e9e\u00a0?\u00a0\u00bb, s\u2019y demande celle pour qui l\u2019autofiction est un sport extr\u00eame, g\u00e9n\u00e9reux en angoisse\u00a0\u2013\u00a0\u00ab\u00a0je me demande tout le temps si le parachute va s\u2019ouvrir\u00a0\u00bb\u00a0\u2013, mais aussi en occasions de mieux se comprendre et, par le fait m\u00eame, de se sentir plus vivante que jamais.<\/p>\n<p class=\"epigraph textModule textModule--type-epigraph \" style=\"\">\u00c0 travers des ann\u00e9es de th\u00e9rapie, Gabrielle Boulianne-Tremblay aura \u00e9galement appris qu\u2019elle vit avec un trouble de la personnalit\u00e9 limite, qu\u2019elle soignait tant bien que mal gr\u00e2ce \u00e0 l\u2019effervescence du champagne et \u00e0 l\u2019ivresse des corps. Autant de succ\u00e9dan\u00e9s \u00e0 une r\u00e9elle compr\u00e9hension de soi, autant d\u2019occasions de s\u2019\u00e9viter. <\/p>\n<p class=\"paragraph textModule textModule--type-paragraph \" style=\"\">Ou, si vous pr\u00e9f\u00e9rez, dans les mots qu\u2019emploie sa narratrice\u00a0: \u00ab\u00a0Quand est-ce que je suis devenue aussi froide qu\u2019un r\u00eave qu\u2019on ne r\u00eave plus\u00a0?\u00a0\u00bb<\/p>\n<p class=\"paragraph textModule textModule--type-paragraph \" style=\"\">\u00ab\u00a0C\u2019est une question que je me suis tellement pos\u00e9e\u00a0\u00bb, confie l\u2019autrice et actrice, sobre depuis maintenant bient\u00f4t quatre ans. \u00ab\u00a0J\u2019avais des aspirations, des r\u00eaves, mais on dirait qu\u2019avec l\u2019alcool, j\u2019avais d\u00e9vi\u00e9 de ma trajectoire. J\u2019\u00e9tais devenue une esp\u00e8ce d\u2019empreinte de moi-m\u00eame, comme un calque.\u00a0\u00bb<\/p>\n<p>                    Prot\u00e9ger l\u2019enfant<\/p>\n<p class=\"paragraph textModule textModule--type-paragraph \" style=\"\">Gabrielle Boulianne-Tremblay contemple souvent une petite photo de l\u2019enfant qu\u2019elle a un jour \u00e9t\u00e9. \u00ab\u00a0Chaque fois que je traverse des moments difficiles, chaque fois que j\u2019ai peur, je regarde cette photo et je me rappelle que je dois \u00eatre, au pr\u00e9sent, la personne qui aurait pu me prot\u00e9ger.\u00a0\u00bb<\/p>\n<p class=\"paragraph textModule textModule--type-paragraph \" style=\"\">Alors que la publication de La fille d\u2019elle-m\u00eame semblait accompagner une p\u00e9riode d\u2019ouverture face aux personnes trans, La fille de la foudre para\u00eet au moment o\u00f9 le climat sociopolitique fait craindre le pire \u00e0 l\u2019autrice. Cette ext\u00e9nuante impression que rien n\u2019est jamais gagn\u00e9 taraude aussi son incarnation livresque, incapable d\u2019\u00e9chapper \u00e0 un air du temps aux parfums d\u00e9l\u00e9t\u00e8res.<\/p>\n<p class=\"quoteText\" style=\"\">On a fait tant de progr\u00e8s et l\u00e0, on assiste \u00e0 un retour du balancier avec la mont\u00e9e de l\u2019extr\u00eame droite un peu partout dans le monde, mais ici aussi avec des projets de loi transphobes, avec des chroniques transphobes publi\u00e9es dans de grands journaux. Mes s\u0153urs et mes fr\u00e8res sont ostracis\u00e9s, d\u00e9monis\u00e9s, d\u00e9shumanis\u00e9s. Et moi, \u00e7a me fait mal quotidiennement.<\/p>\n<p class=\"quoteSource\" style=\"\">\n            Gabrielle Boulianne-Tremblay\n        <\/p>\n<p class=\"paragraph textModule textModule--type-paragraph \" style=\"\">Puis c\u2019est sur un ton banal qu\u2019elle prononcera la phrase suivante, qui ne l\u2019est pourtant pas du tout\u00a0: \u00ab\u00a0Il m\u2019est arriv\u00e9 dans les derni\u00e8res ann\u00e9es de perdre le go\u00fbt de vivre.\u00a0\u00bb<\/p>\n<p>                                        <img decoding=\"async\" src=\"https:\/\/www.europesays.com\/fr\/wp-content\/uploads\/2025\/08\/dc4cb4e3d08b33fc92db847ab878cadd.jpg\" alt=\"\" class=\"photoModule__visual\" itemprop=\"contentUrl url\"\/><\/p>\n<p class=\"credit photoModule__caption photoModule__caption--credit\" style=\"\">\n                    PHOTO FRAN\u00c7OIS ROY, LA PRESSE\n                <\/p>\n<p class=\"description photoModule__caption photoModule__caption--description\" style=\"\">\n                    Gabrielle Boulianne-Tremblay\n                <\/p>\n<p class=\"paragraph textModule textModule--type-paragraph \" style=\"\">Mais, chaque fois, Gabrielle aura pu compter sur sa plus fid\u00e8le amie, l\u2019\u00e9criture. \u00ab\u00a0L\u2019\u00e9criture me sauve tout le temps\u00a0\u00bb, r\u00e9sume-t-elle avec un sourire soudainement solaire. \u00ab\u00a0C\u2019est un refuge. Parce que ce n\u2019est pas toi qui \u00e9cris le roman, c\u2019est le roman qui t\u2019\u00e9crit.\u00a0\u00bb<\/p>\n<p>                    La blessure du paysage<\/p>\n<p class=\"paragraph textModule textModule--type-paragraph \" style=\"\">C\u2019est qu\u2019au-del\u00e0 de la th\u00e9rapie, c\u2019est le travail des mots qui lui aura permis de cartographier son monde int\u00e9rieur. Le roman a d\u2019ailleurs bien failli s\u2019intituler La faille d\u2019elle-m\u00eame, titre rejet\u00e9 afin de ne pas alimenter la confusion en librairie avec La fille d\u2019elle-m\u00eame. Mais qu\u2019\u00e0 cela ne tienne, La fille de la foudre arpente bel et bien une faille. Gabrielle croit-elle l\u2019avoir colmat\u00e9e\u00a0?<\/p>\n<p class=\"paragraph textModule textModule--type-paragraph \" style=\"\">\u00ab\u00a0Je compose avec le paysage\u00a0\u00bb, r\u00e9pond-elle joliment avant de parler de son coin de pays, Charlevoix, et de son astrobl\u00e8me, ce crat\u00e8re m\u00e9t\u00e9oritique provoqu\u00e9 par un impact survenu il y a 400\u00a0millions d\u2019ann\u00e9es. Un crat\u00e8re qui aura profond\u00e9ment d\u00e9fini la r\u00e9gion.<\/p>\n<p class=\"quoteText\" style=\"\">Si on remonte \u00e0 la racine grecque du mot \u201castrobl\u00e8me\u201d, on se rend compte que \u201cbl\u00e8me\u201d vient de blema, qui veut dire blessure ou cicatrice. Mon personnage vit son propre choc m\u00e9t\u00e9oritique, et apr\u00e8s, elle doit faire la paix avec la cicatrice, peut-\u00eatre m\u00eame la c\u00e9l\u00e9brer.<\/p>\n<p class=\"quoteSource\" style=\"\">\n            Gabrielle Boulianne-Tremblay\n        <\/p>\n<p class=\"paragraph textModule textModule--type-paragraph \" style=\"\">Infus\u00e9 par la fascination de Gabrielle pour la formation des min\u00e9raux, La fille de la foudre est ainsi \u00e0 la fois c\u00e9l\u00e9bration d\u2019une singularit\u00e9 et r\u00e9cit d\u2019une aspiration universelle au bonheur. Dans le dernier quart du livre, sa narratrice rend visite \u00e0 sa m\u00e8re, des chapitres d\u2019une simple et consolante beaut\u00e9.<\/p>\n<p class=\"paragraph textModule textModule--type-paragraph \" style=\"\">\u00ab\u00a0C\u2019est un roman qui peut \u00eatre lourd par moments, explique-t-elle, et je tenais \u00e0 montrer que c\u2019est possible d\u2019acc\u00e9der \u00e0 un certain bonheur, que tout le monde est digne d\u2019un bonheur stable.\u00a0\u00bb<\/p>\n<p class=\"paragraph textModule textModule--type-paragraph \" style=\"\">Gabrielle me laisse avec cette derni\u00e8re p\u00e9pite de sagesse\u00a0: \u00ab\u00a0Dans leur composition, il n\u2019y a pas une grande diff\u00e9rence entre le charbon et le diamant.\u00a0\u00bb Elle sait trop bien \u00e0 quel point ce qui hier se consumait peut aujourd\u2019hui briller.<\/p>\n<p>\t\t<img decoding=\"async\" src=\"https:\/\/www.europesays.com\/fr\/wp-content\/uploads\/2025\/08\/22979d394de3317ba05a6e44b1950d9f.jpg\" alt=\"La fille de la foudre\" itemprop=\"image\"\/><\/p>\n<p class=\"reviewModule__title name\" itemprop=\"name\">La fille de la foudre<\/p>\n<p class=\"reviewModule__author\" itemprop=\"author\" itemscope=\"\" itemtype=\"https:\/\/schema.org\/Person\">Gabrielle Boulianne-Tremblay<\/p>\n<p class=\"reviewModule__publisher\" itemprop=\"publisher\" itemscope=\"\" itemtype=\"https:\/\/schema.org\/Organization\">Marchand de feuilles<\/p>\n<p class=\"reviewModule__pageCount\">312 pages<\/p>\n","protected":false},"excerpt":{"rendered":"\u00ab\u00a0La fille de la foudre, ce n\u2019est pas le roman que je voulais \u00e9crire\u00a0\u00bb, laisse tomber Gabrielle Boulianne-Tremblay&hellip;\n","protected":false},"author":2,"featured_media":307023,"comment_status":"","ping_status":"","sticky":false,"template":"","format":"standard","meta":{"footnotes":""},"categories":[1357],"tags":[1379,58,59,1011,27,1380],"class_list":{"0":"post-307022","1":"post","2":"type-post","3":"status-publish","4":"format-standard","5":"has-post-thumbnail","7":"category-livres","8":"tag-books","9":"tag-divertissement","10":"tag-entertainment","11":"tag-fr","12":"tag-france","13":"tag-livres"},"share_on_mastodon":{"url":"https:\/\/pubeurope.com\/@fr\/114998095760543953","error":""},"_links":{"self":[{"href":"https:\/\/www.europesays.com\/fr\/wp-json\/wp\/v2\/posts\/307022","targetHints":{"allow":["GET"]}}],"collection":[{"href":"https:\/\/www.europesays.com\/fr\/wp-json\/wp\/v2\/posts"}],"about":[{"href":"https:\/\/www.europesays.com\/fr\/wp-json\/wp\/v2\/types\/post"}],"author":[{"embeddable":true,"href":"https:\/\/www.europesays.com\/fr\/wp-json\/wp\/v2\/users\/2"}],"replies":[{"embeddable":true,"href":"https:\/\/www.europesays.com\/fr\/wp-json\/wp\/v2\/comments?post=307022"}],"version-history":[{"count":0,"href":"https:\/\/www.europesays.com\/fr\/wp-json\/wp\/v2\/posts\/307022\/revisions"}],"wp:featuredmedia":[{"embeddable":true,"href":"https:\/\/www.europesays.com\/fr\/wp-json\/wp\/v2\/media\/307023"}],"wp:attachment":[{"href":"https:\/\/www.europesays.com\/fr\/wp-json\/wp\/v2\/media?parent=307022"}],"wp:term":[{"taxonomy":"category","embeddable":true,"href":"https:\/\/www.europesays.com\/fr\/wp-json\/wp\/v2\/categories?post=307022"},{"taxonomy":"post_tag","embeddable":true,"href":"https:\/\/www.europesays.com\/fr\/wp-json\/wp\/v2\/tags?post=307022"}],"curies":[{"name":"wp","href":"https:\/\/api.w.org\/{rel}","templated":true}]}}