{"id":307024,"date":"2025-08-09T09:27:09","date_gmt":"2025-08-09T09:27:09","guid":{"rendered":"https:\/\/www.europesays.com\/fr\/307024\/"},"modified":"2025-08-09T09:27:09","modified_gmt":"2025-08-09T09:27:09","slug":"audiences-20h30-petit-sursaut-de-nouveau-jour-sur-m6-qui-arrive-a-6-de-part-de-marche-hier-soir-et-depasse-enfin-la-barre-des-700-000-telespectateurs","status":"publish","type":"post","link":"https:\/\/www.europesays.com\/fr\/307024\/","title":{"rendered":"Audiences 20h30 : Petit sursaut de \u00ab\u00a0Nouveau Jour\u00a0\u00bb sur M6 qui arrive \u00e0 6% de part de march\u00e9 hier soir et d\u00e9passe enfin la barre des 700.000 t\u00e9l\u00e9spectateurs"},"content":{"rendered":"<p><strong>Nouvelle programmation d&rsquo;M6 pour tenter de sauver son feuilleton \u00ab\u00a0Nouveau jour\u00a0\u00bb. La s\u00e9rie est avanc\u00e9e \u00e0 20h30 depuis ce lundi et se retrouve\u00a0d\u00e9sormais suivie \u00e0 20h50 d&rsquo;\u00e9pisodes de \u00ab\u00a0En famille\u00a0\u00bb. <\/strong><\/p>\n<p><strong>Un seul objectif pour M6 tenter de remettre \u00e0 flot ce feuilleton qui ne d\u00e9colle pas depuis son lancement et qui varie entre 4 et 6% de part de march\u00e9.<\/strong><\/p>\n<p><strong> Un feuilleton qui attire chaque jour autour de 900.000 t\u00e9l\u00e9spectateurs, l\u00e0 o\u00f9 la cha\u00eene esp\u00e9rait un solide 1,5 million ! Ce vendredi 1er ao\u00fbt,<a href=\"https:\/\/www.ozap.com\/actu\/audiences-access-le-retour-daudrey-crespo-mara-sur-tf1-offre-un-record-au-20-heures-pour-une-edition-du-vendredi-nouveau-jour-rechute-sur-m6\/650874\" rel=\"nofollow noopener\" target=\"_blank\">\u00a0<\/a>la s\u00e9rie a m\u00eame atteint son plus bas niveau<a href=\"https:\/\/www.ozap.com\/actu\/audiences-access-le-retour-daudrey-crespo-mara-sur-tf1-offre-un-record-au-20-heures-pour-une-edition-du-vendredi-nouveau-jour-rechute-sur-m6\/650874\" rel=\"nofollow noopener\" target=\"_blank\">\u00a0<\/a>avec seulement 619.000 t\u00e9l\u00e9spectateurs et 4% de part d&rsquo;audience.\u00a0<\/strong><\/p>\n<p><strong>A noter que, face au naufrage de la s\u00e9rie quotidienne, M6 a d\u00e9cid\u00e9\u00a0en catastrophe de la sortir totalement du 20h\/21h pour la mettre \u00e0 13h30 \u00e0 partir du lundi 25 ao\u00fbt prochain.\u00a0<\/strong><\/p>\n<p>Tourn\u00e9 depuis mi-avril dans la r\u00e9gion de Montpellier, ce m\u00e9lange haletant de soap-opera, thriller et com\u00e9die plonge dans les coulisses d&rsquo;un h\u00f4tel familial 4 \u00e9toiles.<\/p>\n<p>Depuis la disparition en mer de son propri\u00e9taire, le domaine Bartoli est dirig\u00e9 par sa fille Louise (Helena Noguerra), a\u00een\u00e9e d&rsquo;une fratrie d\u00e9chir\u00e9e par un lourd secret. Alors que Th\u00e9a (Marion Aym\u00e9), la ni\u00e8ce de Louise, revient en ville, d\u00e9cid\u00e9e \u00e0 se faire embaucher par sa tante, l&rsquo;h\u00f4tel devient la cible d&rsquo;un \u00e9trange corbeau&#8230;<\/p>\n<p>Bruno Solo figure \u00e9galement au casting, aux c\u00f4t\u00e9s entre autres de La\u00ebtitia Milot et Jean-Baptiste Maunier. La chanteuse Hoshi signe par ailleurs le g\u00e9n\u00e9rique de cette quotidienne, la premi\u00e8re hors formats courts (comme \u00ab\u00a0Cam\u00e9ra Caf\u00e9\u00a0\u00bb, co-cr\u00e9\u00e9 par Bruno Solo) pour la cha\u00eene priv\u00e9e.<\/p>\n<p><strong>\u00a0<\/strong><\/p>\n<p>        L&rsquo;\u00e9t\u00e9 de 20h30<br \/>\n        18.6 % de PDA\n        <\/p>\n<p>        2 640 000<\/p>\n<p>        Un si grand soleil<br \/>\n        15.3 % de PDA\n        <\/p>\n<p>        2 140 000<\/p>\n<p>        Nouveau jour<br \/>\n        6 % de PDA\n        <\/p>\n<p>        710 000<\/p>\n<p>  Le Top des parts de march\u00e9<\/p>\n","protected":false},"excerpt":{"rendered":"Nouvelle programmation d&rsquo;M6 pour tenter de sauver son feuilleton \u00ab\u00a0Nouveau jour\u00a0\u00bb. La s\u00e9rie est avanc\u00e9e \u00e0 20h30 depuis&hellip;\n","protected":false},"author":2,"featured_media":307025,"comment_status":"","ping_status":"","sticky":false,"template":"","format":"standard","meta":{"footnotes":""},"categories":[1356],"tags":[2367,58,59,1011,27,494,40430,252,1364],"class_list":{"0":"post-307024","1":"post","2":"type-post","3":"status-publish","4":"format-standard","5":"has-post-thumbnail","7":"category-television","8":"tag-audiences","9":"tag-divertissement","10":"tag-entertainment","11":"tag-fr","12":"tag-france","13":"tag-m6","14":"tag-nouveau-jour","15":"tag-television","16":"tag-tv"},"share_on_mastodon":{"url":"https:\/\/pubeurope.com\/@fr\/114998099594564173","error":""},"_links":{"self":[{"href":"https:\/\/www.europesays.com\/fr\/wp-json\/wp\/v2\/posts\/307024","targetHints":{"allow":["GET"]}}],"collection":[{"href":"https:\/\/www.europesays.com\/fr\/wp-json\/wp\/v2\/posts"}],"about":[{"href":"https:\/\/www.europesays.com\/fr\/wp-json\/wp\/v2\/types\/post"}],"author":[{"embeddable":true,"href":"https:\/\/www.europesays.com\/fr\/wp-json\/wp\/v2\/users\/2"}],"replies":[{"embeddable":true,"href":"https:\/\/www.europesays.com\/fr\/wp-json\/wp\/v2\/comments?post=307024"}],"version-history":[{"count":0,"href":"https:\/\/www.europesays.com\/fr\/wp-json\/wp\/v2\/posts\/307024\/revisions"}],"wp:featuredmedia":[{"embeddable":true,"href":"https:\/\/www.europesays.com\/fr\/wp-json\/wp\/v2\/media\/307025"}],"wp:attachment":[{"href":"https:\/\/www.europesays.com\/fr\/wp-json\/wp\/v2\/media?parent=307024"}],"wp:term":[{"taxonomy":"category","embeddable":true,"href":"https:\/\/www.europesays.com\/fr\/wp-json\/wp\/v2\/categories?post=307024"},{"taxonomy":"post_tag","embeddable":true,"href":"https:\/\/www.europesays.com\/fr\/wp-json\/wp\/v2\/tags?post=307024"}],"curies":[{"name":"wp","href":"https:\/\/api.w.org\/{rel}","templated":true}]}}