{"id":307026,"date":"2025-08-09T09:28:09","date_gmt":"2025-08-09T09:28:09","guid":{"rendered":"https:\/\/www.europesays.com\/fr\/307026\/"},"modified":"2025-08-09T09:28:09","modified_gmt":"2025-08-09T09:28:09","slug":"vitaa-ce-contrat-avec-slimane-la-empechee-de-retomber-enceinte-jen-pleurais","status":"publish","type":"post","link":"https:\/\/www.europesays.com\/fr\/307026\/","title":{"rendered":"Vitaa, ce contrat avec Slimane l&rsquo;a emp\u00each\u00e9e de retomber enceinte : \u00ab\u00a0J&rsquo;en pleurais\u00a0\u00bb"},"content":{"rendered":"<p><strong>Entre 2018 et 2022, Vitaa et Slimane ont connu tous les succ\u00e8s<\/strong>. Les deux amis ont form\u00e9 un duo musical qui a conquis les Fran\u00e7ais, les Belges mais \u00e9galement les Suisses pendant plus de quatre ans. Leur premier titre, Je te le donne, a \u00e9t\u00e9 certifi\u00e9 disque de diamant. L&rsquo;album qui suivra, VersuS, s&rsquo;\u00e9coulera <strong>\u00e0 plus de 1,1 million d&rsquo;exemplaires<\/strong> \u00e0 travers les pays francophones. Plusieurs r\u00e9\u00e9ditions sont propos\u00e9es, jusqu&rsquo;\u00e0 la s\u00e9paration, annonc\u00e9e lors des NRJ Music Awards 2021.<\/p>\n<p>Les r\u00e9compenses, elles aussi, ont suivi. Au total, les deux chanteurs ont remport\u00e9 en duo <strong>six NRJ Music Awards, mais \u00e9galement une Victoire de la musique<\/strong>, une Chanson de l&rsquo;ann\u00e9e et un W9 d&rsquo;or. Tous leurs singles ont \u00e9t\u00e9 certifi\u00e9s. Je te le donne, \u00c7a va \u00e7a vient et Avant toi ont re\u00e7u la certification de disque de diamant. Tous les autres, VersuS, Pas beaux, \u00c7a ira, De l&rsquo;or et XY ont \u00e9t\u00e9 certifi\u00e9s disques d&rsquo;or. Leur tourn\u00e9e, VersuS Tour, <strong>a conquis des centaines de milliers de t\u00e9l\u00e9spectateurs<\/strong>. <a href=\"https:\/\/www.public.fr\/vitaa-et-slimane-c-est-fini-et-pour-de-bon\" target=\"_blank\" rel=\"noopener\">Leur dernier concert, le 17 d\u00e9cembre 2022<\/a>, a enchant\u00e9 40 000 personnes.<\/p>\n<p>Les clauses \u00e9taient tr\u00e8s strictes<\/p>\n<p>Des chiffres fous, mais derri\u00e8re lesquels se cache un travail titanesque. Pendant pr\u00e8s de cinq ans, Slimane et Vitaa ont tout donn\u00e9, et ont d\u00fb faire des concessions sur leur vie personnelle. Ce vendredi 8 ao\u00fbt, dans une interview accord\u00e9e \u00e0 <a href=\"https:\/\/vsd.fr\/63711-fais-bien-gaffe-a-ce-que-tu-dis-joeystarr-recarde-severement-guillaume-pley-en-pleine-interview\/\" target=\"_blank\" rel=\"noopener\">Guillaume Pley<\/a> pour Legend Media, la chanteuse r\u00e9v\u00e8le avoir affront\u00e9 beaucoup de concessions qu&rsquo;elle a bien failli regretter&#8230; Comme celle de s&#8217;emp\u00eacher de redevenir maman, pendant tout le temps de la tourn\u00e9e.<\/p>\n<p>En effet, <strong>les clauses contractuelles que Vitaa a sign\u00e9es \u00e9taient tr\u00e8s strictes<\/strong>&#8230; Hors de question pour les producteurs de se retrouver avec une chanteuse enceinte et incapable de poursuivre la tourn\u00e9e. Ils s&rsquo;\u00e9taient alors prot\u00e9g\u00e9s juridiquement, et la chanteuse, qui r\u00eavait de redevenir maman une seconde fois, <strong>a d\u00fb attendre ses 40 ans pour enfin exaucer son v\u0153u le plus cher<\/strong>&#8230;<\/p>\n<p>Noa est n\u00e9e, Vitaa a exauc\u00e9 son v\u0153u le plus cher<\/p>\n<p>\u00ab\u00a0J&rsquo;avais pas le choix : on \u00e9tait en tourn\u00e9e avec Slimane, <strong>on \u00e9tait engag\u00e9 sur une tourn\u00e9e \u00e9norme de plus de cent dates<\/strong>\u00a0\u00bb se souvient Vitaa. Un vrai traumatisme pour la trentenaire, qui voit la quarantaine arriver \u00e0 pas de g\u00e9ants. Elle r\u00eave d&rsquo;offrir un petit fr\u00e8re ou une petite s\u0153ur \u00e0 <a href=\"https:\/\/www.public.fr\/diaporamas\/photos-vitaa-vous-presente-liham-et-adam-les-deux-hommes-de-sa-vie\" target=\"_blank\" rel=\"noopener\">Liham et Adam<\/a>, mais ses obligations professionnelles l&rsquo;en emp\u00eachent&#8230; Et comme si cela ne suffisait pas, <strong>l&rsquo;\u00e9pid\u00e9mie de Covid vient retarder les \u00e9ch\u00e9ances<\/strong>&#8230; <\/p>\n<p>\u00ab\u00a0Il y a le covid qui tombe, qui fait qu&rsquo;on ferme les salles. On est en stand-by, on ne sait pas quand on va reprendre&#8230; Moi, \u00e0 ce moment-l\u00e0, j&rsquo;ai 38 ans et je r\u00eave d&rsquo;agrandir ma famille et<strong> je ne peux pas tomber enceinte parce que j&rsquo;ai un contrat. J&rsquo;en pleurais<\/strong>&#8230;\u00a0\u00bb a ainsi r\u00e9v\u00e9l\u00e9 la chanteuse. Heureusement, \u00e0 la fin du duo, Vitaa a la chance de tomber enceinte. <a href=\"https:\/\/www.public.fr\/quelques-jours-apres-amel-bent-la-chanteuse-vitaa-donne-naissance-a-son-bebe-et-son-prenom-est-sublime\" target=\"_blank\" rel=\"noopener\">Noa, sa fille, na\u00eet le 10 avril 2022<\/a>. Onze ans la s\u00e9parent de l&rsquo;a\u00een\u00e9, et huit ans du cadet. <strong>Le r\u00eave de Vitaa a enfin \u00e9t\u00e9 exauc\u00e9<\/strong>&#8230; Et tout est bien qui finit bien.<\/p>\n<p>      Mentionn\u00e9s dans cet article<\/p>\n<p>      Sur le m\u00eame sujet<\/p>\n","protected":false},"excerpt":{"rendered":"Entre 2018 et 2022, Vitaa et Slimane ont connu tous les succ\u00e8s. Les deux amis ont form\u00e9 un&hellip;\n","protected":false},"author":2,"featured_media":307027,"comment_status":"","ping_status":"","sticky":false,"template":"","format":"standard","meta":{"footnotes":""},"categories":[1355],"tags":[1697,3108,58,59,1011,27,196,1361,873,9055,26648],"class_list":{"0":"post-307026","1":"post","2":"type-post","3":"status-publish","4":"format-standard","5":"has-post-thumbnail","7":"category-musique","8":"tag-concert","9":"tag-contrat","10":"tag-divertissement","11":"tag-entertainment","12":"tag-fr","13":"tag-france","14":"tag-grossesse","15":"tag-music","16":"tag-musique","17":"tag-slimane","18":"tag-vitaa"},"share_on_mastodon":{"url":"https:\/\/pubeurope.com\/@fr\/114998103529839233","error":""},"_links":{"self":[{"href":"https:\/\/www.europesays.com\/fr\/wp-json\/wp\/v2\/posts\/307026","targetHints":{"allow":["GET"]}}],"collection":[{"href":"https:\/\/www.europesays.com\/fr\/wp-json\/wp\/v2\/posts"}],"about":[{"href":"https:\/\/www.europesays.com\/fr\/wp-json\/wp\/v2\/types\/post"}],"author":[{"embeddable":true,"href":"https:\/\/www.europesays.com\/fr\/wp-json\/wp\/v2\/users\/2"}],"replies":[{"embeddable":true,"href":"https:\/\/www.europesays.com\/fr\/wp-json\/wp\/v2\/comments?post=307026"}],"version-history":[{"count":0,"href":"https:\/\/www.europesays.com\/fr\/wp-json\/wp\/v2\/posts\/307026\/revisions"}],"wp:featuredmedia":[{"embeddable":true,"href":"https:\/\/www.europesays.com\/fr\/wp-json\/wp\/v2\/media\/307027"}],"wp:attachment":[{"href":"https:\/\/www.europesays.com\/fr\/wp-json\/wp\/v2\/media?parent=307026"}],"wp:term":[{"taxonomy":"category","embeddable":true,"href":"https:\/\/www.europesays.com\/fr\/wp-json\/wp\/v2\/categories?post=307026"},{"taxonomy":"post_tag","embeddable":true,"href":"https:\/\/www.europesays.com\/fr\/wp-json\/wp\/v2\/tags?post=307026"}],"curies":[{"name":"wp","href":"https:\/\/api.w.org\/{rel}","templated":true}]}}