{"id":307028,"date":"2025-08-09T09:29:41","date_gmt":"2025-08-09T09:29:41","guid":{"rendered":"https:\/\/www.europesays.com\/fr\/307028\/"},"modified":"2025-08-09T09:29:41","modified_gmt":"2025-08-09T09:29:41","slug":"voici-pourquoi-cillian-murphy-sera-probablement-dans-le-prochain-james-bond","status":"publish","type":"post","link":"https:\/\/www.europesays.com\/fr\/307028\/","title":{"rendered":"Voici pourquoi Cillian Murphy sera probablement dans le prochain James Bond"},"content":{"rendered":"<p><strong>Stephen Knight, le cr\u00e9ateur de \u00ab\u00a0Peaky Blinders\u00a0\u00bb, est confirm\u00e9 comme \u00e9tant <a href=\"https:\/\/www.rtbf.be\/article\/steven-knight-peaky-blinders-annonce-comme-scenariste-du-prochain-james-bond-11583137\" rel=\"nofollow noopener\" target=\"_blank\">le sc\u00e9nariste du prochain\u00a0James Bond<\/a>.<\/strong> Cette collaboration a suscit\u00e9 des sp\u00e9culations selon lesquelles <strong>Cillian Murphy, <\/strong>qui incarnait Tommy Shelby dans la s\u00e9rie,<strong> pourrait \u00eatre impliqu\u00e9.\u00a0<\/strong><\/p>\n<p>L&rsquo;acteur de 49 ans est <a href=\"https:\/\/www.rtbf.be\/article\/cillian-murphy-prochain-grand-mechant-de-james-bond-26-une-rumeur-qui-enflamme-la-toile-11560705\" rel=\"nofollow noopener\" target=\"_blank\">depuis longtemps le favori des fans<\/a> pour le r\u00f4le iconique de 007. Toutefois, les informations r\u00e9centes sugg\u00e8rent que les producteurs recherchent un acteur beaucoup plus jeune, avec des noms comme <a href=\"https:\/\/www.rtbf.be\/article\/tom-holland-le-prochain-james-bond-les-fans-de-la-franchise-ne-sont-pas-convaincus-11569974\" rel=\"nofollow noopener\" target=\"_blank\">Jacob Elordi, Tom Holland et Harris Dickinson<\/a> qui circulent. <strong>Mais cela ne l&rsquo;exclut pas enti\u00e8rement de la franchise ; au contraire, cela a d\u00e9plac\u00e9 la conversation vers un r\u00f4le plus appropri\u00e9 : le m\u00e9chant.\u00a0<\/strong><\/p>\n<p>Son interpr\u00e9tation puissante et complexe dans \u00ab\u00a0Peaky Blinders\u00a0\u00bb a fait de lui l&rsquo;un des principaux candidats pour le prochain adversaire de James Bond. Un r\u00f4le pour lequel il est d\u00e9sormais favori selon certains sites de paris. Le lien entre Steven Knight et Cillian Murphy est assez fort. En plus d&rsquo;avoir entretenu une synergie cr\u00e9ative avec \u00ab\u00a0Peaky Blinders\u00a0\u00bb\u00a0durant 6 saisons, les deux hommes travaillent\u00a0\u00e9galement sur le long m\u00e9trage \u00ab\u00a0The Immortal Man\u00a0\u00bb, la suite de la s\u00e9rie\u00a0dans lequel Cillian Murphy reprend son r\u00f4le de Tommy Shelby.<\/p>\n","protected":false},"excerpt":{"rendered":"Stephen Knight, le cr\u00e9ateur de \u00ab\u00a0Peaky Blinders\u00a0\u00bb, est confirm\u00e9 comme \u00e9tant le sc\u00e9nariste du prochain\u00a0James Bond. Cette collaboration&hellip;\n","protected":false},"author":2,"featured_media":307029,"comment_status":"","ping_status":"","sticky":false,"template":"","format":"standard","meta":{"footnotes":""},"categories":[1354],"tags":[58,59,1346,1011,27,1360],"class_list":{"0":"post-307028","1":"post","2":"type-post","3":"status-publish","4":"format-standard","5":"has-post-thumbnail","7":"category-films","8":"tag-divertissement","9":"tag-entertainment","10":"tag-films","11":"tag-fr","12":"tag-france","13":"tag-movies"},"share_on_mastodon":{"url":"https:\/\/pubeurope.com\/@fr\/114998107551241276","error":""},"_links":{"self":[{"href":"https:\/\/www.europesays.com\/fr\/wp-json\/wp\/v2\/posts\/307028","targetHints":{"allow":["GET"]}}],"collection":[{"href":"https:\/\/www.europesays.com\/fr\/wp-json\/wp\/v2\/posts"}],"about":[{"href":"https:\/\/www.europesays.com\/fr\/wp-json\/wp\/v2\/types\/post"}],"author":[{"embeddable":true,"href":"https:\/\/www.europesays.com\/fr\/wp-json\/wp\/v2\/users\/2"}],"replies":[{"embeddable":true,"href":"https:\/\/www.europesays.com\/fr\/wp-json\/wp\/v2\/comments?post=307028"}],"version-history":[{"count":0,"href":"https:\/\/www.europesays.com\/fr\/wp-json\/wp\/v2\/posts\/307028\/revisions"}],"wp:featuredmedia":[{"embeddable":true,"href":"https:\/\/www.europesays.com\/fr\/wp-json\/wp\/v2\/media\/307029"}],"wp:attachment":[{"href":"https:\/\/www.europesays.com\/fr\/wp-json\/wp\/v2\/media?parent=307028"}],"wp:term":[{"taxonomy":"category","embeddable":true,"href":"https:\/\/www.europesays.com\/fr\/wp-json\/wp\/v2\/categories?post=307028"},{"taxonomy":"post_tag","embeddable":true,"href":"https:\/\/www.europesays.com\/fr\/wp-json\/wp\/v2\/tags?post=307028"}],"curies":[{"name":"wp","href":"https:\/\/api.w.org\/{rel}","templated":true}]}}