{"id":307030,"date":"2025-08-09T09:30:13","date_gmt":"2025-08-09T09:30:13","guid":{"rendered":"https:\/\/www.europesays.com\/fr\/307030\/"},"modified":"2025-08-09T09:30:13","modified_gmt":"2025-08-09T09:30:13","slug":"des-chercheurs-analysent-le-sang-des-centenaires-et-font-une-decouverte-incroyable","status":"publish","type":"post","link":"https:\/\/www.europesays.com\/fr\/307030\/","title":{"rendered":"Des chercheurs analysent le sang des centenaires et font une d\u00e9couverte incroyable"},"content":{"rendered":"<p>Autrefois exceptionnels, les centenaires sont aujourd\u2019hui de plus en plus nombreux. Ce groupe d\u00e9mographique conna\u00eet m\u00eame la croissance la plus rapide au monde, avec un nombre doublant tous les dix ans depuis les ann\u00e9es 1970. Pourtant, percer les secrets d\u2019une long\u00e9vit\u00e9 exceptionnelle reste complexe. \u00ab Il s\u2019agit de d\u00e9m\u00ealer l\u2019interaction entre g\u00e9n\u00e9tique et mode de vie tout au long de l\u2019existence \u00bb, explique <strong>Karin Modig<\/strong>, professeure agr\u00e9g\u00e9e d\u2019\u00e9pid\u00e9miologie \u00e0 l\u2019Institut Karolinska, en Su\u00e8de, et autrice d\u2019une \u00e9tude publi\u00e9e dans la revue GeroScience en 2023. Son \u00e9quipe a analys\u00e9 les donn\u00e9es de sant\u00e9 de 44 000 Su\u00e9dois \u00e2g\u00e9s de 64 \u00e0 99 ans, suivis jusqu\u2019\u00e0 35 ans via les registres nationaux. Parmi eux, 1 224 personnes, soit 2,7 %, ont atteint l\u2019\u00e2ge de 100 ans. Cette recherche, la plus vaste du genre, s\u2019est pench\u00e9e sur douze biomarqueurs sanguins li\u00e9s \u00e0 l\u2019inflammation, au m\u00e9tabolisme, aux fonctions h\u00e9patiques et r\u00e9nales, \u00e0 la nutrition ou encore \u00e0 l\u2019an\u00e9mie.<\/p>\n<p><strong>Des marqueurs biologiques plus stables chez les centenaires<\/strong><\/p>\n<p>Les futurs centenaires pr\u00e9sentaient, d\u00e8s la soixantaine, des taux plus faibles de glucose, de cr\u00e9atinine et d\u2019acide urique. Autrement dit, ces marqueurs de sant\u00e9 m\u00e9tabolique semblaient d\u00e9j\u00e0 plus favorables plusieurs d\u00e9cennies avant leur d\u00e9c\u00e8s. Les centenaires affichaient aussi moins souvent des valeurs extr\u00eames, contrairement \u00e0 leurs pairs qui n\u2019ont pas v\u00e9cu aussi longtemps. En examinant les (&#8230;)<\/p>\n<p><a href=\"https:\/\/www.topsante.com\/senior\/des-chercheurs-analysent-le-sang-des-centenaires-et-font-une-decouverte-incroyable-923801?utm_campaign=partenariat&amp;utm_source=yahoo-articles&amp;utm_medium=flux\" rel=\"nofollow noopener\" target=\"_blank\" data-ylk=\"slk:Lire la suite sur Top Sant\u00e9;elm:context_link;itc:0;sec:content-canvas\" class=\"link \">Lire la suite sur Top Sant\u00e9<\/a><\/p>\n<p><a href=\"https:\/\/www.topsante.com\/minceur\/maigrir_par_zone\/maigrir_du_ventre\/maigrir-du-ventre-dapres-un-expert-voici-le-sport-le-plus-efficace-pour-eliminer-la-graisse-abdominale-rapidement-922232?utm_campaign=partenariat&amp;utm_source=yahoo-articles&amp;utm_medium=flux\" rel=\"nofollow noopener\" target=\"_blank\" data-ylk=\"slk:Maigrir du ventre : d&#039;apr\u00e8s un expert, voici le sport le plus efficace pour \u00e9liminer la graisse abdominale rapidement;elm:context_link;itc:0;sec:content-canvas\" class=\"link \">Maigrir du ventre : d&rsquo;apr\u00e8s un expert, voici le sport le plus efficace pour \u00e9liminer la graisse abdominale rapidement<\/a><br \/><a href=\"https:\/\/www.topsante.com\/senior\/les-chercheurs-ont-decouvert-ce-qui-peut-augmenter-la-longevite-ces-2-aliments-sont-une-facon-de-prolonger-la-vie-899402?utm_campaign=partenariat&amp;utm_source=yahoo-articles&amp;utm_medium=flux\" rel=\"nofollow noopener\" target=\"_blank\" data-ylk=\"slk:&quot;Les chercheurs ont d\u00e9couvert ce qui peut augmenter la long\u00e9vit\u00e9 : ces 2 aliments sont une fa\u00e7on de prolonger la vie&quot;, affirme un m\u00e9decin;elm:context_link;itc:0;sec:content-canvas\" class=\"link \">\u00ab\u00a0Les chercheurs ont d\u00e9couvert ce qui peut augmenter la long\u00e9vit\u00e9 : ces 2 aliments sont une fa\u00e7on de prolonger la vie\u00a0\u00bb, affirme un m\u00e9decin<\/a><br \/><a href=\"https:\/\/www.topsante.com\/beaute_soins\/soins_du_corps\/hygiene_du_corps\/les-etudes-lont-demontre-ce-savon-est-tout-aussi-efficace-que-le-desinfectant-896921?utm_campaign=partenariat&amp;utm_source=yahoo-articles&amp;utm_medium=flux\" rel=\"nofollow noopener\" target=\"_blank\" data-ylk=\"slk:Les \u00e9tudes l&#039;ont d\u00e9montr\u00e9 : ce savon est tout aussi efficace que les d\u00e9sinfectants;elm:context_link;itc:0;sec:content-canvas\" class=\"link \">Les \u00e9tudes l&rsquo;ont d\u00e9montr\u00e9 : ce savon est tout aussi efficace que les d\u00e9sinfectants<\/a><br \/><a href=\"https:\/\/www.topsante.com\/forme_bien_etre\/pour-se-muscler-en-douceur-dans-la-piscine-il-y-a-4-exercices-conseilles-923757?utm_campaign=partenariat&amp;utm_source=yahoo-articles&amp;utm_medium=flux\" rel=\"nofollow noopener\" target=\"_blank\" data-ylk=\"slk:Pour se muscler en douceur dans la piscine, il y a 4 exercices conseill\u00e9s;elm:context_link;itc:0;sec:content-canvas\" class=\"link \">Pour se muscler en douceur dans la piscine, il y a 4 exercices conseill\u00e9s<\/a><br \/><a href=\"https:\/\/www.topsante.com\/nutrition_et_recettes\/manger_equilibre\/antioxydants\/les-brocolis-sont-riches-en-nutriments-cette-methode-de-cuisson-est-celle-qui-les-preserve-le-mieux-selon-les-scientifiques-900971?utm_campaign=partenariat&amp;utm_source=yahoo-articles&amp;utm_medium=flux\" rel=\"nofollow noopener\" target=\"_blank\" data-ylk=\"slk:Les brocolis sont riches en nutriments, cette m\u00e9thode de cuisson est celle qui les pr\u00e9serve le mieux selon les scientifiques;elm:context_link;itc:0;sec:content-canvas\" class=\"link \">Les brocolis sont riches en nutriments, cette m\u00e9thode de cuisson est celle qui les pr\u00e9serve le mieux selon les scientifiques<\/a><\/p>\n","protected":false},"excerpt":{"rendered":"Autrefois exceptionnels, les centenaires sont aujourd\u2019hui de plus en plus nombreux. Ce groupe d\u00e9mographique conna\u00eet m\u00eame la croissance&hellip;\n","protected":false},"author":2,"featured_media":307031,"comment_status":"","ping_status":"","sticky":false,"template":"","format":"standard","meta":{"footnotes":""},"categories":[10],"tags":[44761,1011,27,72,44760,44759,71],"class_list":{"0":"post-307030","1":"post","2":"type-post","3":"status-publish","4":"format-standard","5":"has-post-thumbnail","7":"category-sante","8":"tag-centenaires","9":"tag-fr","10":"tag-france","11":"tag-health","12":"tag-karin-modig","13":"tag-marqueurs-biologiques","14":"tag-sante"},"share_on_mastodon":{"url":"https:\/\/pubeurope.com\/@fr\/114998111339014296","error":""},"_links":{"self":[{"href":"https:\/\/www.europesays.com\/fr\/wp-json\/wp\/v2\/posts\/307030","targetHints":{"allow":["GET"]}}],"collection":[{"href":"https:\/\/www.europesays.com\/fr\/wp-json\/wp\/v2\/posts"}],"about":[{"href":"https:\/\/www.europesays.com\/fr\/wp-json\/wp\/v2\/types\/post"}],"author":[{"embeddable":true,"href":"https:\/\/www.europesays.com\/fr\/wp-json\/wp\/v2\/users\/2"}],"replies":[{"embeddable":true,"href":"https:\/\/www.europesays.com\/fr\/wp-json\/wp\/v2\/comments?post=307030"}],"version-history":[{"count":0,"href":"https:\/\/www.europesays.com\/fr\/wp-json\/wp\/v2\/posts\/307030\/revisions"}],"wp:featuredmedia":[{"embeddable":true,"href":"https:\/\/www.europesays.com\/fr\/wp-json\/wp\/v2\/media\/307031"}],"wp:attachment":[{"href":"https:\/\/www.europesays.com\/fr\/wp-json\/wp\/v2\/media?parent=307030"}],"wp:term":[{"taxonomy":"category","embeddable":true,"href":"https:\/\/www.europesays.com\/fr\/wp-json\/wp\/v2\/categories?post=307030"},{"taxonomy":"post_tag","embeddable":true,"href":"https:\/\/www.europesays.com\/fr\/wp-json\/wp\/v2\/tags?post=307030"}],"curies":[{"name":"wp","href":"https:\/\/api.w.org\/{rel}","templated":true}]}}