{"id":307037,"date":"2025-08-09T09:34:13","date_gmt":"2025-08-09T09:34:13","guid":{"rendered":"https:\/\/www.europesays.com\/fr\/307037\/"},"modified":"2025-08-09T09:34:13","modified_gmt":"2025-08-09T09:34:13","slug":"autosuffisance-alimentaire-la-france-ne-tient-que-sur-4-piliers-alors-que-chine-et-vietnam-couvrent-6-groupes-et-quun-tiers-des-pays-en-couvrent-2","status":"publish","type":"post","link":"https:\/\/www.europesays.com\/fr\/307037\/","title":{"rendered":"Autosuffisance alimentaire : \u00ab La France ne tient que sur 4 piliers \u00bb alors que Chine et Vietnam couvrent 6 groupes et qu\u2019un tiers des pays en couvrent 2"},"content":{"rendered":"<tr>\n<td><strong>EN BREF<\/strong><\/td>\n<\/tr>\n<tr>\n<td>\n<ul>\n<li>\ud83c\udf0d Le Guyana est le seul pays \u00e0 assurer une <strong>autosuffisance alimentaire<\/strong> compl\u00e8te pour les sept groupes alimentaires principaux.<\/li>\n<li>\ud83c\udf3e La Chine et le Vietnam se distinguent en couvrant six groupes alimentaires, tandis que la France en couvre quatre.<\/li>\n<li>\ud83d\udcc9 Un tiers des pays \u00e9tudi\u00e9s sont <strong>autosuffisants<\/strong> pour seulement deux groupes alimentaires, certains n\u2019en couvrent aucun.<\/li>\n<li>\ud83d\udd0d La pand\u00e9mie de COVID-19 a mis en lumi\u00e8re la <strong>fragilit\u00e9<\/strong> des cha\u00eenes d\u2019approvisionnement mondiales et l\u2019importance de l\u2019autosuffisance.<\/li>\n<\/ul>\n<\/td>\n<\/tr>\n<p>L\u2019\u00e9tude r\u00e9cente men\u00e9e par des \u00e9conomistes europ\u00e9ens s\u2019est concentr\u00e9e sur un sc\u00e9nario inhabituel : l\u2019arr\u00eat total des \u00e9changes alimentaires mondiaux. \u00c0 travers cette exploration, les chercheurs ont mis en lumi\u00e8re la capacit\u00e9 d\u2019autosuffisance alimentaire de divers pays. Alors que la plupart des nations seraient gravement touch\u00e9es par un tel arr\u00eat, un pays se distingue par sa capacit\u00e9 \u00e0 subvenir \u00e0 ses besoins alimentaires de mani\u00e8re autonome. Cette d\u00e9couverte met en \u00e9vidence les vuln\u00e9rabilit\u00e9s de la mondialisation et souligne l\u2019importance de l\u2019autosuffisance alimentaire dans un monde de plus en plus interconnect\u00e9.<\/p>\n<p>Le Guyana, un mod\u00e8le d\u2019autosuffisance alimentaire<\/p>\n<p>Dans le cadre de cette \u00e9tude, les chercheurs ont \u00e9valu\u00e9 l\u2019autosuffisance de 186 pays \u00e0 travers sept groupes alimentaires principaux. Le Guyana, ce petit pays d\u2019Am\u00e9rique du Sud, a \u00e9merg\u00e9 comme le seul \u00e0 pouvoir r\u00e9pondre aux besoins alimentaires de sa population pour tous ces groupes : l\u00e9gumes, fruits, c\u00e9r\u00e9ales, viande, poisson, produits laitiers et f\u00e9culents. Cette autosuffisance s\u2019explique par une combinaison de facteurs g\u00e9ographiques et \u00e9conomiques. Avec une densit\u00e9 de seulement 4 habitants par kilom\u00e8tre carr\u00e9, le Guyana b\u00e9n\u00e9ficie de vastes terres cultivables et d\u2019une faible pression d\u00e9mographique. Sa capacit\u00e9 \u00e0 produire suffisamment pour sa population le place en position unique face \u00e0 un \u00e9ventuel arr\u00eat des \u00e9changes alimentaires mondiaux.<\/p>\n<p><strong>\u00ab La capacit\u00e9 du Guyana \u00e0 subvenir \u00e0 ses propres besoins est une raret\u00e9 dans le contexte mondial actuel \u00bb,<\/strong> expliquent les chercheurs. Cette ind\u00e9pendance alimentaire est d\u2019autant plus remarquable que le pays ne compte qu\u2019un million d\u2019habitants. En comparaison, de nombreux pays bien plus peupl\u00e9s et industrialis\u00e9s d\u00e9pendent encore fortement des importations pour nourrir leur population.<\/p>\n<blockquote class=\"wp-embedded-content\" data-secret=\"lNYPgaPJK3\">\n<p><a href=\"https:\/\/www.lejournaleconomique.com\/2025\/08\/06\/cette-arnaque-au-cheque-vacances-sevit-partout-prudence-face-aux-sms-et-appels-qui-volent-vos-informations-personnelles\/\" target=\"_blank\" rel=\"noopener\">\u00ab Cette arnaque au Ch\u00e8que-Vacances s\u00e9vit partout \u00bb : prudence face aux SMS et appels qui volent vos informations personnelles<\/a><\/p>\n<\/blockquote>\n<p>La vuln\u00e9rabilit\u00e9 des autres nations<\/p>\n<p>Si le Guyana se distingue par sa r\u00e9silience, d\u2019autres pays pr\u00e9sentent une tout autre situation. Selon l\u2019\u00e9tude, seuls deux autres pays, la Chine et le Vietnam, r\u00e9ussissent \u00e0 assurer six des sept groupes alimentaires. Pour la majorit\u00e9, l\u2019arr\u00eat des \u00e9changes repr\u00e9senterait un d\u00e9fi colossal. Un pays sur sept seulement peut se targuer de r\u00e9pondre \u00e0 cinq groupes de besoins alimentaires. Quant \u00e0 la France, elle satisfait quatre de ces groupes, ce qui signifie qu\u2019elle pourrait affronter des difficult\u00e9s notables, mais pas insurmontables.<\/p>\n<p>Un tiers des pays \u00e9tudi\u00e9s ne parviennent \u00e0 assurer l\u2019autosuffisance que pour deux groupes alimentaires, et certains, comme les \u00c9mirats Arabes Unis et le Qatar, n\u2019en couvrent aucun. Cette d\u00e9pendance accrue aux flux internationaux souligne une faiblesse structurelle dans la s\u00e9curit\u00e9 alimentaire mondiale.<\/p>\n<blockquote class=\"wp-embedded-content\" data-secret=\"YGtJ0T1EFr\">\n<p><a href=\"https:\/\/www.lejournaleconomique.com\/2025\/07\/14\/vol-de-colis-apple-utilise-une-technique-secrete-et-imparable-pour-empecher-les-livreurs-malhonnetes-de-toucher-a-ses-paquets\/\" target=\"_blank\" rel=\"noopener\">Vol de colis : Apple utilise une technique secr\u00e8te et imparable pour emp\u00eacher les livreurs malhonn\u00eates de toucher \u00e0 ses paquets<\/a><\/p>\n<\/blockquote>\n<p>Les enseignements de la pand\u00e9mie de COVID-19<\/p>\n<p>La pand\u00e9mie de COVID-19 a offert un aper\u00e7u des risques li\u00e9s \u00e0 une interd\u00e9pendance mondiale excessive. Les mesures de confinement ont entra\u00een\u00e9 une r\u00e9duction drastique des \u00e9changes internationaux, mettant en \u00e9vidence la fragilit\u00e9 des cha\u00eenes d\u2019approvisionnement mondiales. Bien que l\u2019arr\u00eat total des \u00e9changes alimentaires reste hypoth\u00e9tique, de tels \u00e9v\u00e9nements rappellent l\u2019importance de d\u00e9velopper des strat\u00e9gies d\u2019autosuffisance.<\/p>\n<p>Les nations doivent repenser leurs politiques agricoles et commerciales pour accro\u00eetre leur r\u00e9silience face aux crises mondiales. Cette \u00e9tude souligne la n\u00e9cessit\u00e9 d\u2019investir dans des syst\u00e8mes alimentaires locaux et durables, capables de r\u00e9sister aux chocs externes. L\u2019autosuffisance alimentaire n\u2019est pas seulement un atout \u00e9conomique, mais aussi une garantie de stabilit\u00e9 en temps de crise.<\/p>\n<blockquote class=\"wp-embedded-content\" data-secret=\"dSCId2JSn9\">\n<p><a href=\"https:\/\/www.lejournaleconomique.com\/2025\/07\/02\/piqure-en-concert-la-psychose-sinstalle-apres-une-serie-de-cas-signales-dans-plusieurs-festivals-francais\/\" target=\"_blank\" rel=\"noopener\">Piq\u00fbre en concert : la psychose s\u2019installe apr\u00e8s une s\u00e9rie de cas signal\u00e9s dans plusieurs festivals fran\u00e7ais<\/a><\/p>\n<\/blockquote>\n<p>Les d\u00e9fis de l\u2019autosuffisance dans un monde globalis\u00e9<\/p>\n<p>La mondialisation a transform\u00e9 les syst\u00e8mes alimentaires, rendant les pays plus d\u00e9pendants des \u00e9changes internationaux. Cependant, l\u2019autosuffisance reste un d\u00e9fi complexe. Les pays doivent \u00e9quilibrer l\u2019efficacit\u00e9 \u00e9conomique avec la s\u00e9curit\u00e9 alimentaire. Les politiques doivent encourager la production locale tout en maintenant des relations commerciales solides. La recherche et l\u2019innovation pourraient jouer un r\u00f4le crucial dans l\u2019am\u00e9lioration des rendements agricoles et la diversification des cultures. De plus, les changements climatiques ajoutent une couche de complexit\u00e9, affectant la production et la disponibilit\u00e9 des ressources.<\/p>\n<p>Dans ce contexte, comment les pays peuvent-ils r\u00e9ussir \u00e0 renforcer leur autosuffisance alimentaire tout en restant comp\u00e9titifs sur le march\u00e9 mondial ? Cette question demeure centrale pour l\u2019avenir de la s\u00e9curit\u00e9 alimentaire mondiale.<\/p>\n<p>Face aux d\u00e9fis croissants de la s\u00e9curit\u00e9 alimentaire mondiale, il est crucial de repenser les strat\u00e9gies nationales et internationales. Le cas du Guyana nous rappelle que l\u2019autosuffisance n\u2019est pas hors de port\u00e9e, mais qu\u2019elle n\u00e9cessite une planification et un engagement constants. Quels sont les moyens les plus efficaces pour les nations de renforcer leur r\u00e9silience alimentaire tout en participant activement \u00e0 l\u2019\u00e9conomie mondiale ?<\/p>\n<p>Cet article s\u2019appuie sur des sources v\u00e9rifi\u00e9es et l\u2019assistance de technologies \u00e9ditoriales.<\/p>\n<p id=\"rating\">\u00c7a vous a plu ?\u00a04.7\/5 (20)<\/p>\n","protected":false},"excerpt":{"rendered":"EN BREF \ud83c\udf0d Le Guyana est le seul pays \u00e0 assurer une autosuffisance alimentaire compl\u00e8te pour les sept&hellip;\n","protected":false},"author":2,"featured_media":307038,"comment_status":"","ping_status":"","sticky":false,"template":"","format":"standard","meta":{"footnotes":""},"categories":[6],"tags":[44762,35,33,34,1011,27,25144,44763],"class_list":{"0":"post-307037","1":"post","2":"type-post","3":"status-publish","4":"format-standard","5":"has-post-thumbnail","7":"category-economie","8":"tag-autosuffisance-alimentaire","9":"tag-business","10":"tag-economie","11":"tag-economy","12":"tag-fr","13":"tag-france","14":"tag-guyana","15":"tag-securite-alimentaire-mondiale"},"share_on_mastodon":{"url":"https:\/\/pubeurope.com\/@fr\/114998127189497924","error":""},"_links":{"self":[{"href":"https:\/\/www.europesays.com\/fr\/wp-json\/wp\/v2\/posts\/307037","targetHints":{"allow":["GET"]}}],"collection":[{"href":"https:\/\/www.europesays.com\/fr\/wp-json\/wp\/v2\/posts"}],"about":[{"href":"https:\/\/www.europesays.com\/fr\/wp-json\/wp\/v2\/types\/post"}],"author":[{"embeddable":true,"href":"https:\/\/www.europesays.com\/fr\/wp-json\/wp\/v2\/users\/2"}],"replies":[{"embeddable":true,"href":"https:\/\/www.europesays.com\/fr\/wp-json\/wp\/v2\/comments?post=307037"}],"version-history":[{"count":0,"href":"https:\/\/www.europesays.com\/fr\/wp-json\/wp\/v2\/posts\/307037\/revisions"}],"wp:featuredmedia":[{"embeddable":true,"href":"https:\/\/www.europesays.com\/fr\/wp-json\/wp\/v2\/media\/307038"}],"wp:attachment":[{"href":"https:\/\/www.europesays.com\/fr\/wp-json\/wp\/v2\/media?parent=307037"}],"wp:term":[{"taxonomy":"category","embeddable":true,"href":"https:\/\/www.europesays.com\/fr\/wp-json\/wp\/v2\/categories?post=307037"},{"taxonomy":"post_tag","embeddable":true,"href":"https:\/\/www.europesays.com\/fr\/wp-json\/wp\/v2\/tags?post=307037"}],"curies":[{"name":"wp","href":"https:\/\/api.w.org\/{rel}","templated":true}]}}