{"id":307039,"date":"2025-08-09T09:35:10","date_gmt":"2025-08-09T09:35:10","guid":{"rendered":"https:\/\/www.europesays.com\/fr\/307039\/"},"modified":"2025-08-09T09:35:10","modified_gmt":"2025-08-09T09:35:10","slug":"etats-unis-policier-tue-vaccin-covid-ce-que-lon-sait-des-tirs-sur-lagence-de-sante-a-atlanta","status":"publish","type":"post","link":"https:\/\/www.europesays.com\/fr\/307039\/","title":{"rendered":"\u00c9tats-Unis\u00a0: policier tu\u00e9, vaccin Covid\u2026 Ce que l\u2019on sait des tirs sur l\u2019agence de sant\u00e9 \u00e0 Atlanta"},"content":{"rendered":"<p class=\"paragraph text_align_left lp-f-body-02\">Nouvelle fusillade aux \u00c9tats-Unis, mais peut-\u00eatre cette fois provoqu\u00e9e par l\u2019opposition \u00e0 <a href=\"https:\/\/www.leparisien.fr\/societe\/sante\/les-gens-en-ont-marre-des-rappels-la-vaccination-covid-en-chute-libre-cette-annee-09-12-2024-6YCE4QNUV5CQVGNY5PRPHK3DMM.php\" target=\"_blank\" rel=\"noreferrer nofollow noopener\">la vaccination Covid<\/a>. Un homme arm\u00e9 a ouvert le feu, ce vendredi soir, \u00e0 proximit\u00e9 du Centre am\u00e9ricain pour le contr\u00f4le et la pr\u00e9vention des maladies, la grande agence sanitaire am\u00e9ricaine. Un policier a \u00e9t\u00e9 tu\u00e9, et une enqu\u00eate a \u00e9t\u00e9 ouverte. Le Parisien fait le point.<\/p>\n<p>Que s\u2019est-il pass\u00e9 ?<\/p>\n<p class=\"paragraph text_align_left lp-f-body-02\">Vendredi, peu avant 17 heures (23 heures, heure fran\u00e7aise), un homme, arm\u00e9 d\u2019un fusil, a ouvert le feu \u00e0 plusieurs reprises \u00e0 proximit\u00e9 du Centre am\u00e9ricain pour le contr\u00f4le et la pr\u00e9vention des maladies (Centers for Disease Control and Prevention, CDC) d\u2019Atlanta et de l\u2019universit\u00e9 Emory. Selon Susan Monarez, la directrice du CDC, \u00ab au moins quatre b\u00e2timents \u00bb ont \u00e9t\u00e9 touch\u00e9s, a-t-elle d\u00e9clar\u00e9 dans un message sur X.<\/p>\n<blockquote class=\"twitter-tweet\">\n<p lang=\"en\" dir=\"ltr\">We at <a href=\"https:\/\/twitter.com\/CDCgov?ref_src=twsrc%5Etfw\" rel=\"nofollow noopener\" target=\"_blank\">@CDCgov<\/a> are heartbroken by today\u2019s attack on our Roybal Campus, which remains on lockdown as authorities investigate the shooting. A courageous local law enforcement officer gave his life, and another was injured, after a gunman opened fire on at least four CDC buildings.\u2026<\/p>\n<p>\u2014 CDC Director Susan Monarez (@CDCMonarez) <a href=\"https:\/\/twitter.com\/CDCMonarez\/status\/1954001418760941570?ref_src=twsrc%5Etfw\" rel=\"nofollow noopener\" target=\"_blank\">August 9, 2025<\/a><\/p><\/blockquote>\n<p class=\"paragraph text_align_left lp-f-body-02\">Un employ\u00e9 du CDC, qui quittait l\u2019immeuble pour rentrer chez lui, a racont\u00e9 \u00e0 CNN avoir vu un homme s\u2019approcher de l\u2019entr\u00e9e, poser un sac \u00e0 dos par terre, sortir plusieurs fusils et tirer sur le b\u00e2timent \u00ab pendant plusieurs minutes \u00bb. Des t\u00e9moins, interrog\u00e9s par l\u2019<a href=\"https:\/\/apnews.com\/article\/emory-university-shooting-atlanta-407f755f2db20dbab7d04981614f1428\" rel=\"nofollow noopener\" target=\"_blank\">Associated Press<\/a>, ont eux aussi fait \u00e9tat de plusieurs coups de feu. \u00ab Cela ressemblait \u00e0 des feux d\u2019artifice qui \u00e9clataient les uns apr\u00e8s les autres \u00bb, a expliqu\u00e9 la responsable d\u2019une \u00e9picerie, situ\u00e9e \u00e0 proximit\u00e9 du campus.<\/p>\n<p class=\"paragraph text_align_left lp-f-body-02\">Rapidement apr\u00e8s les premi\u00e8res alertes, les b\u00e2timents du CDC, ainsi que l\u2019universit\u00e9 Emory et une cr\u00e8che, situ\u00e9es \u00e0 proximit\u00e9, ont \u00e9t\u00e9 confin\u00e9s. Apr\u00e8s la fusillade, les 92 enfants de la garderie ont \u00e9t\u00e9 \u00e9vacu\u00e9s en toute s\u00e9curit\u00e9 et ont retrouv\u00e9 leurs familles dans une \u00e9cole voisine. De nombreux policiers, dont le FBI, ont \u00e9t\u00e9 d\u00e9ploy\u00e9s sur place. Aucun civil n\u2019a \u00e9t\u00e9 bless\u00e9 selon les autorit\u00e9s.<\/p>\n<p class=\"lp-card-podcast-highlighting__title  lp-f-subtitle-05\">[3\/4] C\u00e9cile Vallin, les secrets d\u2019une disparition <\/p>\n<p class=\"lp-card-podcast-highlighting__description lp-f-ui-05\">Crime story raconte chaque semaine les grandes affaires criminelles.<\/p>\n<p><a class=\"lp-card-podcast-highlighting__call-to-action\" data-page-type=\"HP\" data-block-name=\"podcast-highlight\">\u00c9couter<\/a><\/p>\n<p class=\"paragraph text_align_left lp-f-body-02\">N\u00e9anmoins, un policier du comt\u00e9 de DeKalb, qui intervenait sur les lieux, a \u00e9t\u00e9 atteint par balle. Transport\u00e9 en urgence \u00e0 l\u2019h\u00f4pital, il est d\u00e9c\u00e9d\u00e9 des suites de ses blessures. Le tireur pr\u00e9sum\u00e9, lui, a \u00e9galement \u00e9t\u00e9 retrouv\u00e9 mort au deuxi\u00e8me \u00e9tage d\u2019une pharmacie. \u00ab Nous ne savons pas pour le moment si le coup a \u00e9t\u00e9 port\u00e9 par les policiers ou s\u2019il s\u2019est inflig\u00e9 lui-m\u00eame \u00bb, a expliqu\u00e9 le chef de la police d\u2019Atlanta, Darin Schierbaum. Trois autres armes \u00e0 feu ont \u00e9t\u00e9 d\u00e9couvertes \u00e0 proximit\u00e9 de son corps.<\/p>\n<p>Que sait-on du suspect ?<\/p>\n<p class=\"paragraph text_align_left lp-f-body-02\">L\u2019identit\u00e9 du tireur pr\u00e9sum\u00e9, qui a \u00e9t\u00e9 retrouv\u00e9 mort, n\u2019a pas \u00e9t\u00e9 d\u00e9voil\u00e9e par les autorit\u00e9s am\u00e9ricaines \u00e0 ce stade. Selon les premiers \u00e9l\u00e9ments de l\u2019enqu\u00eate, le suspect, qui portait ce qui a \u00e9t\u00e9 identifi\u00e9 comme un masque chirurgical par les policiers, avait plusieurs armes \u00e0 feu sur lui, notamment \u00ab deux pistolets, un fusil et un fusil de chasse \u00bb, avance CNN.<\/p>\n<p class=\"paragraph text_align_left lp-f-body-02\">Vendredi matin, avant la fusillade, le p\u00e8re du tireur pr\u00e9sum\u00e9 aurait appel\u00e9 les forces de l\u2019ordre pour leur signaler que son fils avait des tendances suicidaires, explique CNN.<\/p>\n<p class=\"paragraph text_align_left lp-f-body-02\">Selon les premiers \u00e9l\u00e9ments de l\u2019enqu\u00eate, la police \u00e9tudie la th\u00e9orie selon laquelle le tireur pr\u00e9sum\u00e9 \u00ab \u00e9tait malade ou croyait l\u2019\u00eatre et a imput\u00e9 sa maladie au vaccin contre le Covid-19 \u00bb, avance CNN, qui cite un responsable de la police. Ce dernier n\u2019a pas voulu confirmer \u00e0 ce stade pr\u00e9coce de l\u2019enqu\u00eate si le suspect visait les CDC en raison du vaccin contre le coronavirus.<\/p>\n<p>Qui \u00e9tait le policier tu\u00e9 ?<\/p>\n<p class=\"paragraph text_align_left lp-f-body-02\">Il s\u2019agit d\u2019un agent de 33 ans, pr\u00e9nomm\u00e9 David Rose, a fait savoir le d\u00e9partement de police du comt\u00e9 de DeKalb dans un communiqu\u00e9 de presse, cit\u00e9 par les m\u00e9dias am\u00e9ricains. \u00ab Il n\u2019est pas rare que les patrouilles traversent plusieurs juridictions qui peuvent partager le m\u00eame espace. Allait-il travailler ? Rentrait-il du travail ? Nous ne savons pas s\u2019il \u00e9tait en patrouille \u00bb, a d\u00e9clar\u00e9 le chef de la police d\u2019Atlanta, Darin Schierbaum.<\/p>\n<p><img decoding=\"async\" class=\"image \" loading=\"lazy\" src=\"https:\/\/www.europesays.com\/fr\/wp-content\/uploads\/2025\/08\/DPS6O7UGLZAVBCPEK7FRFMQQ7Y.jpg\" alt=\"Gri\u00e8vement bless\u00e9 par balle, le policier David Rose, a succomb\u00e9 \u00e0 ses blessures. DeKalb County Police Department\/REUTERS \" align=\"\" data-rubrique-principale=\"\" data-article-type=\"\" fetchpriority=\"auto\"\/>Gri\u00e8vement bless\u00e9 par balle, le policier David Rose, a succomb\u00e9 \u00e0 ses blessures. DeKalb County Police Department\/REUTERS<\/p>\n<p class=\"paragraph text_align_left lp-f-body-02\">Mari\u00e9, avec deux enfants, l\u2019homme, qui s\u2019appr\u00eatait \u00e0 devenir p\u00e8re pour la troisi\u00e8me fois, avait rejoint la police du comt\u00e9 de DeKalb en septembre 2024, selon le communiqu\u00e9. \u00ab C\u2019est avec une profonde tristesse que nous annon\u00e7ons le d\u00e9c\u00e8s de l\u2019un de nos agents de police du comt\u00e9 de DeKalb \u00bb, a indiqu\u00e9 le chef par int\u00e9rim du d\u00e9partement de police du comt\u00e9 de DeKalb, Greg Padrick, lors d\u2019une conf\u00e9rence de presse. \u00ab Cet agent a r\u00e9pondu \u00e0 l\u2019appel, comme il \u00e9tait form\u00e9 \u00e0 le faire, et, lors de cet incident, il a \u00e9t\u00e9 victime de coups de feu et a perdu la vie \u00bb, a-t-il ajout\u00e9.<\/p>\n<p class=\"paragraph text_align_left lp-f-body-02\">\u00ab Il \u00e9tait d\u00e9termin\u00e9 \u00e0 servir la communaut\u00e9. Nous adressons nos pri\u00e8res \u00e0 sa famille, ses amis, ses proches et \u00e0 toute la famille du d\u00e9partement de police du comt\u00e9 de DeKalb \u00bb, a poursuivi Greg Padrick.<\/p>\n<p><script async src=\"https:\/\/platform.twitter.com\/widgets.js\" charset=\"utf-8\"><\/script><\/p>\n","protected":false},"excerpt":{"rendered":"Nouvelle fusillade aux \u00c9tats-Unis, mais peut-\u00eatre cette fois provoqu\u00e9e par l\u2019opposition \u00e0 la vaccination Covid. Un homme arm\u00e9&hellip;\n","protected":false},"author":2,"featured_media":307040,"comment_status":"","ping_status":"","sticky":false,"template":"","format":"standard","meta":{"footnotes":""},"categories":[5],"tags":[11,118,1011,27,14,12,28],"class_list":{"0":"post-307039","1":"post","2":"type-post","3":"status-publish","4":"format-standard","5":"has-post-thumbnail","7":"category-international","8":"tag-actualites","9":"tag-faits-divers","10":"tag-fr","11":"tag-france","12":"tag-international","13":"tag-news","14":"tag-world"},"share_on_mastodon":{"url":"https:\/\/pubeurope.com\/@fr\/114998131021076185","error":""},"_links":{"self":[{"href":"https:\/\/www.europesays.com\/fr\/wp-json\/wp\/v2\/posts\/307039","targetHints":{"allow":["GET"]}}],"collection":[{"href":"https:\/\/www.europesays.com\/fr\/wp-json\/wp\/v2\/posts"}],"about":[{"href":"https:\/\/www.europesays.com\/fr\/wp-json\/wp\/v2\/types\/post"}],"author":[{"embeddable":true,"href":"https:\/\/www.europesays.com\/fr\/wp-json\/wp\/v2\/users\/2"}],"replies":[{"embeddable":true,"href":"https:\/\/www.europesays.com\/fr\/wp-json\/wp\/v2\/comments?post=307039"}],"version-history":[{"count":0,"href":"https:\/\/www.europesays.com\/fr\/wp-json\/wp\/v2\/posts\/307039\/revisions"}],"wp:featuredmedia":[{"embeddable":true,"href":"https:\/\/www.europesays.com\/fr\/wp-json\/wp\/v2\/media\/307040"}],"wp:attachment":[{"href":"https:\/\/www.europesays.com\/fr\/wp-json\/wp\/v2\/media?parent=307039"}],"wp:term":[{"taxonomy":"category","embeddable":true,"href":"https:\/\/www.europesays.com\/fr\/wp-json\/wp\/v2\/categories?post=307039"},{"taxonomy":"post_tag","embeddable":true,"href":"https:\/\/www.europesays.com\/fr\/wp-json\/wp\/v2\/tags?post=307039"}],"curies":[{"name":"wp","href":"https:\/\/api.w.org\/{rel}","templated":true}]}}