{"id":307045,"date":"2025-08-09T09:38:25","date_gmt":"2025-08-09T09:38:25","guid":{"rendered":"https:\/\/www.europesays.com\/fr\/307045\/"},"modified":"2025-08-09T09:38:25","modified_gmt":"2025-08-09T09:38:25","slug":"supranational-de-petanque-le-stephanois-sylvain-romanello-echoue-en-finale-face-a-valentin-borris","status":"publish","type":"post","link":"https:\/\/www.europesays.com\/fr\/307045\/","title":{"rendered":"Supranational de p\u00e9tanque. Le St\u00e9phanois Sylvain Romanello \u00e9choue en finale face \u00e0 Valentin Borris"},"content":{"rendered":"<p>Entam\u00e9e d\u00e8s jeudi avec les \u00e9liminations pr\u00e9coces de Lacroix (cadrage), Andriantseheno (32es), du r\u00e9cent champion de France du t\u00eate-\u00e0-t\u00eate, Cyril Begon (16es), la valse des favoris s\u2019est poursuivie de plus belle ce vendredi. Sarrio, Jouffre, Delahaye, B\u00e9zandry, prenaient ainsi la porte d\u00e8s les huiti\u00e8mes du matin. Dans la foul\u00e9e, \u00ab\u00a0Tyson\u00a0\u00bb Molinas \u00e9tait sorti en quarts par Chapeland (Bron-Terraillon), qui \u00e9tait ensuite \u00e9limin\u00e9 en demi-finale par Sylvain Romanello, notre \u00ab\u00a0local h\u00e9ros\u00a0\u00bb.<\/p>\n<p>Une entame&#8230;                        <\/p>\n","protected":false},"excerpt":{"rendered":"Entam\u00e9e d\u00e8s jeudi avec les \u00e9liminations pr\u00e9coces de Lacroix (cadrage), Andriantseheno (32es), du r\u00e9cent champion de France du&hellip;\n","protected":false},"author":2,"featured_media":307046,"comment_status":"","ping_status":"","sticky":false,"template":"","format":"standard","meta":{"footnotes":""},"categories":[9653],"tags":[1111,11,2430,10446,1777,674,1011,27,10444,10445,12,25,4001,517],"class_list":{"0":"post-307045","1":"post","2":"type-post","3":"status-publish","4":"format-standard","5":"has-post-thumbnail","7":"category-saint-etienne","8":"tag-actu","9":"tag-actualites","10":"tag-auvergne-rhone-alpes","11":"tag-edition-haute-loire","12":"tag-eu","13":"tag-europe","14":"tag-fr","15":"tag-france","16":"tag-le-puy-en-velay","17":"tag-le-puy-en-velay-ville","18":"tag-news","19":"tag-republique-francaise","20":"tag-saint-etienne","21":"tag-sport"},"share_on_mastodon":{"url":"https:\/\/pubeurope.com\/@fr\/114998142794315889","error":""},"_links":{"self":[{"href":"https:\/\/www.europesays.com\/fr\/wp-json\/wp\/v2\/posts\/307045","targetHints":{"allow":["GET"]}}],"collection":[{"href":"https:\/\/www.europesays.com\/fr\/wp-json\/wp\/v2\/posts"}],"about":[{"href":"https:\/\/www.europesays.com\/fr\/wp-json\/wp\/v2\/types\/post"}],"author":[{"embeddable":true,"href":"https:\/\/www.europesays.com\/fr\/wp-json\/wp\/v2\/users\/2"}],"replies":[{"embeddable":true,"href":"https:\/\/www.europesays.com\/fr\/wp-json\/wp\/v2\/comments?post=307045"}],"version-history":[{"count":0,"href":"https:\/\/www.europesays.com\/fr\/wp-json\/wp\/v2\/posts\/307045\/revisions"}],"wp:featuredmedia":[{"embeddable":true,"href":"https:\/\/www.europesays.com\/fr\/wp-json\/wp\/v2\/media\/307046"}],"wp:attachment":[{"href":"https:\/\/www.europesays.com\/fr\/wp-json\/wp\/v2\/media?parent=307045"}],"wp:term":[{"taxonomy":"category","embeddable":true,"href":"https:\/\/www.europesays.com\/fr\/wp-json\/wp\/v2\/categories?post=307045"},{"taxonomy":"post_tag","embeddable":true,"href":"https:\/\/www.europesays.com\/fr\/wp-json\/wp\/v2\/tags?post=307045"}],"curies":[{"name":"wp","href":"https:\/\/api.w.org\/{rel}","templated":true}]}}