{"id":307047,"date":"2025-08-09T09:39:10","date_gmt":"2025-08-09T09:39:10","guid":{"rendered":"https:\/\/www.europesays.com\/fr\/307047\/"},"modified":"2025-08-09T09:39:10","modified_gmt":"2025-08-09T09:39:10","slug":"lheure-de-la-reprise-et-le-debut-de-la-mission-remontee-pour-saint-etienne","status":"publish","type":"post","link":"https:\/\/www.europesays.com\/fr\/307047\/","title":{"rendered":"l\u2019heure de la reprise et le d\u00e9but de la mission remont\u00e9e pour Saint-Etienne"},"content":{"rendered":"<p>Les Verts veulent retrouver l\u2019\u00e9lite et entameront la saison de Ligue 2 ce samedi avec un d\u00e9placement \u00e0 Laval.<\/p>\n<p class=\"fig-paragraph\">Saint-\u00c9tienne lance samedi \u00e0 Laval (20h00) une saison de Ligue 2 qu&rsquo;il esp\u00e8re conclure par une remont\u00e9e, apr\u00e8s un \u00e9t\u00e9 actif sur le march\u00e9 des transferts.<\/p>\n<p class=\"fig-paragraph\">Les Verts, rel\u00e9gu\u00e9s au printemps apr\u00e8s avoir esp\u00e9r\u00e9 un miracle jusqu&rsquo;\u00e0 la derni\u00e8re journ\u00e9e, ont poursuivi leur recrutement cette semaine avec l&rsquo;arriv\u00e9e du d\u00e9fenseur portugais Joao Ferreira, qui jouait la saison derni\u00e8re \u00e0 Braga.<\/p>\n<p>                                    <a class=\"fig-a11y-skip a11y-hidden\" href=\"#fig-a11y-skip-main-inarticle\"><br \/>\n        Passer la publicit\u00e9<br \/>\n    <\/a><\/p>\n<p class=\"fig-paragraph\">Avec la signature d&rsquo;un tout jeune d\u00e9fenseur serbe, Strahinja Stojkovic (18 ans) vendredi, huit joueurs ont d\u00e9j\u00e0 rejoint l&rsquo;ASSE depuis le d\u00e9but du mercato.<\/p>\n<p class=\"fig-paragraph\">\u00abOn doit prendre conscience qu&rsquo;on est un gros club de notre championnat et que les \u00e9quipes vont nous attendre de pied ferme. Pour r\u00e9pondre \u00e0 \u00e7a, je veux nous voir dominateurs et entreprenants offensivement\u00bb, a demand\u00e9 l&rsquo;entra\u00eeneur Eirik Horneland, qui a conserv\u00e9 son poste malgr\u00e9 la descente.<\/p>\n<p class=\"fig-paragraph\">Les supporters sont optimistes, si l&rsquo;on en croit le nombre &#8211; record dans l&rsquo;histoire de la L2 &#8211; de plus de 20.000 abonnements enregistr\u00e9s. Premier rendez-vous \u00e0 domicile le 16 ao\u00fbt face \u00e0 Rodez.<\/p>\n<p class=\"fig-paragraph\">\u00c0 Montpellier, qui re\u00e7oit samedi le Red Star, on cherchera surtout \u00e0 reprendre confiance apr\u00e8s une premi\u00e8re partie de l&rsquo;ann\u00e9e 2025 cauchemardesque (aucune victoire en L1 apr\u00e8s janvier).<\/p>\n<p class=\"fig-paragraph\">Le club h\u00e9raultais, qui n&rsquo;avait plus jou\u00e9 en deuxi\u00e8me division depuis seize ans, a gard\u00e9 l&rsquo;entra\u00eeneur Zoumana Camara, arriv\u00e9 pour la fin de l&rsquo;exercice pr\u00e9c\u00e9dent alors que tout \u00e9tait d\u00e9j\u00e0 perdu.<\/p>\n<p>                                    <a class=\"fig-a11y-skip a11y-hidden\" href=\"#fig-a11y-skip-main-inarticle_mtf\"><br \/>\n        Passer la publicit\u00e9<br \/>\n    <\/a><\/p>\n<p>Un recrutement modeste<\/p>\n<p class=\"fig-paragraph\">Le recrutement a \u00e9t\u00e9 modeste mais on note la venue d&rsquo;un joueur exp\u00e9riment\u00e9, le d\u00e9fenseur Julien Laporte (31 ans), qui a particip\u00e9 \u00e0 la remont\u00e9e de Lorient en L1 la saison derni\u00e8re. L&rsquo;effectif pourrait \u00e9voluer, l&rsquo;avenir de joueurs comme l&#8217;embl\u00e9matique T\u00e9ji Savanier \u00e9tant incertain.<\/p>\n<p class=\"fig-paragraph\">Le troisi\u00e8me candidat naturel \u00e0 la remont\u00e9e, Reims, commencera sa saison lundi \u00e0 l&rsquo;ext\u00e9rieur \u00e0 Amiens. Les Champenois ont fait venir de Nantes un vieux routier de la L1, Nicolas Pallois (37 ans), dont l&rsquo;exp\u00e9rience aidera \u00e0 relancer un groupe traumatis\u00e9 par le coup de Trafalgar de l&rsquo;ultime journ\u00e9e fatale en mai.<\/p>\n<p class=\"fig-paragraph\">Parmi les autres \u00e9quipes \u00e0 suivre, deux promus de National: Nancy, qui retrouve le deuxi\u00e8me \u00e9chelon sous la houlette de son entra\u00eeneur historique Pablo Correa, et Le Mans, qui fonde ses espoirs sur un fonds d&rsquo;investissement br\u00e9silien et des actionnaires minoritaires aussi prestigieux que Novak Djokovic ou Felipe Massa.<\/p>\n<p class=\"fig-paragraph\">Les Lorrains, trois ans apr\u00e8s la descente, \u00e9trennent leur retour en L2 \u00e0 Rodez, qui a marqu\u00e9 le pas la saison derni\u00e8re, achev\u00e9e \u00e0 la 14e place, apr\u00e8s avoir jou\u00e9 les barrages d&rsquo;accession dans l&rsquo;\u00e9lite la saison pr\u00e9c\u00e9dente.<\/p>\n<p class=\"fig-paragraph\">\u00abCe que je sais, c&rsquo;est qu&rsquo;aujourd&rsquo;hui, ils ont un avantage sur nous. On entre dans ce championnat par le bas, eux y sont install\u00e9s depuis un bon moment. Certains penseront qu&rsquo;on a l&rsquo;avantage de l&rsquo;histoire, mais ce ne sont pas des \u00e9l\u00e9ments qui d\u00e9terminent un r\u00e9sultat\u00bb, a anticip\u00e9 Pablo Correia, qui est revenu en Lorraine en 2023 apr\u00e8s avoir dirig\u00e9 l&rsquo;ASNL de 2002 \u00e0 2011 puis de 2013 \u00e0 2017.<\/p>\n<p>                                    <a class=\"fig-a11y-skip a11y-hidden\" href=\"#fig-a11y-skip-main-inarticle_btf\"><br \/>\n        Passer la publicit\u00e9<br \/>\n    <\/a><\/p>\n<p class=\"fig-paragraph\">Les Sarthois commenceront eux par un d\u00e9placement difficile \u00e0 Guingamp, barragiste la saison derni\u00e8re. Dunkerque, qui avait lui aussi \u00e9chou\u00e9 en play-offs, de peu face \u00e0 Metz, commence \u00e0 domicile contre Clermont.<\/p>\n<p class=\"fig-paragraph\">Enfin Boulogne-sur-Mer, rep\u00each\u00e9 gr\u00e2ce \u00e0 la rel\u00e9gation administrative d&rsquo;Ajaccio, attendra pour faire ses d\u00e9buts, son match contre Bastia ayant \u00e9t\u00e9 report\u00e9.<\/p>\n<p class=\"fig-paragraph\"><strong>Samedi 9 ao\u00fbt<\/strong><\/p>\n<p class=\"fig-paragraph\">(14h00) Guingamp &#8211; Le Mans<\/p>\n<p class=\"fig-paragraph\">(20h00) Laval &#8211; Saint-Etienne<\/p>\n<p class=\"fig-paragraph\">Pau &#8211; Annecy<\/p>\n<p class=\"fig-paragraph\">Rodez &#8211; Nancy<\/p>\n<p class=\"fig-paragraph\">Dunkerque &#8211; Clermont<\/p>\n<p class=\"fig-paragraph\">Montpellier &#8211; Red Star<\/p>\n<p class=\"fig-paragraph\">Troyes &#8211; Grenoble<\/p>\n<p class=\"fig-paragraph\">Lundi 11 ao\u00fbt<\/p>\n<p class=\"fig-paragraph\">(20h45) Amiens &#8211; Reims<\/p>\n<p class=\"fig-paragraph\">Mardi 16 septembre<\/p>\n<p class=\"fig-paragraph\">(19h00) Boulogne-sur-Mer &#8211; Bastia<\/p>\n","protected":false},"excerpt":{"rendered":"Les Verts veulent retrouver l\u2019\u00e9lite et entameront la saison de Ligue 2 ce samedi avec un d\u00e9placement \u00e0&hellip;\n","protected":false},"author":2,"featured_media":307048,"comment_status":"","ping_status":"","sticky":false,"template":"","format":"standard","meta":{"footnotes":""},"categories":[9653],"tags":[1111,11,444,2430,1777,674,1011,27,12,25,4001],"class_list":{"0":"post-307047","1":"post","2":"type-post","3":"status-publish","4":"format-standard","5":"has-post-thumbnail","7":"category-saint-etienne","8":"tag-actu","9":"tag-actualites","10":"tag-as-saint-etienne","11":"tag-auvergne-rhone-alpes","12":"tag-eu","13":"tag-europe","14":"tag-fr","15":"tag-france","16":"tag-news","17":"tag-republique-francaise","18":"tag-saint-etienne"},"share_on_mastodon":{"url":"https:\/\/pubeurope.com\/@fr\/114998146778389545","error":""},"_links":{"self":[{"href":"https:\/\/www.europesays.com\/fr\/wp-json\/wp\/v2\/posts\/307047","targetHints":{"allow":["GET"]}}],"collection":[{"href":"https:\/\/www.europesays.com\/fr\/wp-json\/wp\/v2\/posts"}],"about":[{"href":"https:\/\/www.europesays.com\/fr\/wp-json\/wp\/v2\/types\/post"}],"author":[{"embeddable":true,"href":"https:\/\/www.europesays.com\/fr\/wp-json\/wp\/v2\/users\/2"}],"replies":[{"embeddable":true,"href":"https:\/\/www.europesays.com\/fr\/wp-json\/wp\/v2\/comments?post=307047"}],"version-history":[{"count":0,"href":"https:\/\/www.europesays.com\/fr\/wp-json\/wp\/v2\/posts\/307047\/revisions"}],"wp:featuredmedia":[{"embeddable":true,"href":"https:\/\/www.europesays.com\/fr\/wp-json\/wp\/v2\/media\/307048"}],"wp:attachment":[{"href":"https:\/\/www.europesays.com\/fr\/wp-json\/wp\/v2\/media?parent=307047"}],"wp:term":[{"taxonomy":"category","embeddable":true,"href":"https:\/\/www.europesays.com\/fr\/wp-json\/wp\/v2\/categories?post=307047"},{"taxonomy":"post_tag","embeddable":true,"href":"https:\/\/www.europesays.com\/fr\/wp-json\/wp\/v2\/tags?post=307047"}],"curies":[{"name":"wp","href":"https:\/\/api.w.org\/{rel}","templated":true}]}}