{"id":307049,"date":"2025-08-09T09:40:12","date_gmt":"2025-08-09T09:40:12","guid":{"rendered":"https:\/\/www.europesays.com\/fr\/307049\/"},"modified":"2025-08-09T09:40:12","modified_gmt":"2025-08-09T09:40:12","slug":"lete-gourmand-dejeuner-savoureux-chez-les-freres-marchand","status":"publish","type":"post","link":"https:\/\/www.europesays.com\/fr\/307049\/","title":{"rendered":"L\u2019\u00e9t\u00e9 gourmand. D\u00e9jeuner savoureux chez les fr\u00e8res Marchand"},"content":{"rendered":"<p>Une terrasse avec vue imprenable sur le Palais des Ducs n\u2019est pas donn\u00e9e \u00e0 tout le monde. <a href=\"https:\/\/www.estrepublicain.fr\/economie\/2025\/07\/26\/les-freres-marchand-une-dynastie-au-service-de-l-excellence-et-du-savoir-faire\" target=\"_blank\" rel=\"noopener\"> Les fr\u00e8res Marchand<\/a> ont la chance d\u2019avoir leur restaurant et fromagerie install\u00e9s \u00e0 cet emplacement, au c\u0153ur de la vieille ville.<\/p>\n<p>Famille d\u2019affineurs depuis sept g\u00e9n\u00e9rations &#8211; rien que \u00e7a -, elle tient \u00e0 ce que tout soit fait maison et de pr\u00e9f\u00e9rence, en circuit court. Voil\u00e0 le secret d\u2019une cuisine r\u00e9ussie.<\/p>\n<p>Du lundi au vendredi, un bouillon du jour est propos\u00e9 pour 15\u00a0euros. Simple et rapide, il convient parfaitement \u00e0 ceux dont la pause d\u00e9jeuner ne doit pas durer, travail oblige\u2026<\/p>\n<p>Ce jeudi 7\u00a0ao\u00fbt, une cuisse de canette \u00e0 la sauce orang\u00e9e et accompagn\u00e9e de sp\u00e4tzles \u00e9tait \u00e0 la carte. Le sal\u00e9 sucr\u00e9 fonctionne tr\u00e8s bien et l\u2019assiette est g\u00e9n\u00e9reuse. De quoi donner envie de revenir pour l\u2019entracte du midi.<\/p>\n","protected":false},"excerpt":{"rendered":"Une terrasse avec vue imprenable sur le Palais des Ducs n\u2019est pas donn\u00e9e \u00e0 tout le monde. Les&hellip;\n","protected":false},"author":2,"featured_media":307050,"comment_status":"","ping_status":"","sticky":false,"template":"","format":"standard","meta":{"footnotes":""},"categories":[9635],"tags":[1111,11,1477,4406,33,1704,1777,674,1011,27,775,6016,3457,1702,1703,12,25],"class_list":{"0":"post-307049","1":"post","2":"type-post","3":"status-publish","4":"format-standard","5":"has-post-thumbnail","7":"category-nancy","8":"tag-actu","9":"tag-actualites","10":"tag-artisanat","11":"tag-commerce-et-services","12":"tag-economie","13":"tag-edition-nancy-et-agglomeration","14":"tag-eu","15":"tag-europe","16":"tag-fr","17":"tag-france","18":"tag-grand-est","19":"tag-magazine-cuisine-et-vins","20":"tag-meurthe-et-moselle","21":"tag-nancy","22":"tag-nancy-ville-54b","23":"tag-news","24":"tag-republique-francaise"},"share_on_mastodon":{"url":"https:\/\/pubeurope.com\/@fr\/114998150696913317","error":""},"_links":{"self":[{"href":"https:\/\/www.europesays.com\/fr\/wp-json\/wp\/v2\/posts\/307049","targetHints":{"allow":["GET"]}}],"collection":[{"href":"https:\/\/www.europesays.com\/fr\/wp-json\/wp\/v2\/posts"}],"about":[{"href":"https:\/\/www.europesays.com\/fr\/wp-json\/wp\/v2\/types\/post"}],"author":[{"embeddable":true,"href":"https:\/\/www.europesays.com\/fr\/wp-json\/wp\/v2\/users\/2"}],"replies":[{"embeddable":true,"href":"https:\/\/www.europesays.com\/fr\/wp-json\/wp\/v2\/comments?post=307049"}],"version-history":[{"count":0,"href":"https:\/\/www.europesays.com\/fr\/wp-json\/wp\/v2\/posts\/307049\/revisions"}],"wp:featuredmedia":[{"embeddable":true,"href":"https:\/\/www.europesays.com\/fr\/wp-json\/wp\/v2\/media\/307050"}],"wp:attachment":[{"href":"https:\/\/www.europesays.com\/fr\/wp-json\/wp\/v2\/media?parent=307049"}],"wp:term":[{"taxonomy":"category","embeddable":true,"href":"https:\/\/www.europesays.com\/fr\/wp-json\/wp\/v2\/categories?post=307049"},{"taxonomy":"post_tag","embeddable":true,"href":"https:\/\/www.europesays.com\/fr\/wp-json\/wp\/v2\/tags?post=307049"}],"curies":[{"name":"wp","href":"https:\/\/api.w.org\/{rel}","templated":true}]}}