{"id":307053,"date":"2025-08-09T09:43:13","date_gmt":"2025-08-09T09:43:13","guid":{"rendered":"https:\/\/www.europesays.com\/fr\/307053\/"},"modified":"2025-08-09T09:43:13","modified_gmt":"2025-08-09T09:43:13","slug":"transferts-top-14-toulon-en-mode-seduction-pour-baptiste-jauneau","status":"publish","type":"post","link":"https:\/\/www.europesays.com\/fr\/307053\/","title":{"rendered":"Transferts Top 14 : Toulon en mode s\u00e9duction pour Baptiste Jauneau"},"content":{"rendered":"<p>Le Rugby Club Toulonnais (RCT) montre un int\u00e9r\u00eat marqu\u00e9 pour le demi de m\u00eal\u00e9e clermontois Baptiste Jauneau, dont le contrat avec l\u2019ASM prendra fin en d\u00e9cembre. Cette man\u0153uvre souligne la raret\u00e9 des talents fran\u00e7ais au poste et les ambitions du club varois pour renforcer son effectif.<\/p>\n<p>Baptiste Jauneau, une perle rare sur le march\u00e9<\/p>\n<p>\u00c0 seulement 21 ans, Baptiste Jauneau est d\u00e9j\u00e0 convoit\u00e9 par plusieurs clubs, et pour cause : les demis de m\u00eal\u00e9e fran\u00e7ais de haut niveau sont peu nombreux sur le march\u00e9. Actuellement, le RCT semble avoir pris une longueur d\u2019avance en proposant une offre qui pourrait difficilement \u00eatre \u00e9gal\u00e9e, m\u00eame par son club actuel, l\u2019ASM Clermont Auvergne.<\/p>\n<p>Le profil de Jauneau, qui a d\u00e9j\u00e0 connu deux s\u00e9lections avec les Bleus, attire non seulement le RCT, mais \u00e9galement d\u2019autres \u00e9quipes comme la Section paloise et l\u2019Union Bordeaux-B\u00e8gles. Ce constat t\u00e9moigne de l\u2019importance strat\u00e9gique du poste de demi de m\u00eal\u00e9e dans le rugby moderne.<\/p>\n<p>Une offre all\u00e9chante du RCTNouveau ! Recevez la newsletter Rugby Transfert 1 fois par mois !<\/p>\n<p>Selon nos sources, l\u2019offre formul\u00e9e par le Rugby Club Toulonnais est particuli\u00e8rement s\u00e9duisante pour Baptiste Jauneau. En effet, le montant de cette proposition illustre la volont\u00e9 du RCT de faire de lui leur num\u00e9ro un \u00e0 ce poste. Une telle d\u00e9cision pourrait engendrer des bouleversements au sein de l\u2019effectif toulonnais.<\/p>\n<p>Quel avenir pour Baptiste Serin ?<\/p>\n<p>L\u2019arriv\u00e9e \u00e9ventuelle de Baptiste Jauneau soul\u00e8ve des questions sur l\u2019avenir de Baptiste Serin, le demi de m\u00eal\u00e9e titulaire du RCT depuis 2019. Avec 49 s\u00e9lections en \u00e9quipe nationale, Serin est un leader incontest\u00e9 au sein de l\u2019\u00e9quipe. La cohabitation avec un jeune talent comme Jauneau pourrait donc \u00eatre d\u00e9licate.<\/p>\n<p>Si cette situation se concr\u00e9tise, il est probable que Serin envisage un nouveau d\u00e9fi, notamment en raison de l\u2019int\u00e9r\u00eat potentiel du Montpellier H\u00e9rault Rugby, qui pourrait chercher \u00e0 renforcer son effectif en cas d\u2019\u00e9chec de l\u2019int\u00e9gration d\u2019Ali Price.<\/p>\n<p>Implications pour Clermont et le march\u00e9 des transferts<\/p>\n<p>Le d\u00e9part de Jauneau pourrait \u00e9galement avoir des r\u00e9percussions sur l\u2019ASM, qui devra chercher \u00e0 le remplacer. Le club auvergnat devra donc s\u2019activer sur le march\u00e9 des transferts pour d\u00e9nicher un nouveau demi de m\u00eal\u00e9e capable de r\u00e9pondre aux attentes de son \u00e9quipe.<\/p>\n<p>En somme, la situation de Baptiste Jauneau illustre les dynamiques complexes du rugby fran\u00e7ais, o\u00f9 les transferts peuvent rapidement red\u00e9finir les hi\u00e9rarchies au sein des clubs. Les prochaines semaines s\u2019annoncent cruciales pour le jeune joueur et pour le Rugby Club Toulonnais, qui semble d\u00e9termin\u00e9 \u00e0 renforcer ses ambitions pour les saisons \u00e0 venir.<\/p>\n<p><img loading=\"lazy\" decoding=\"async\" data-class=\"LazyLoad\" src=\"https:\/\/www.europesays.com\/fr\/wp-content\/uploads\/2025\/04\/image-1.jpg\" width=\"100\" height=\"100\" alt=\"image 1\" itemprop=\"image\" title=\"Transferts Top 14 : Toulon en mode s\u00e9duction pour Baptiste Jauneau\"\/><\/p>\n<p>Bruno Lancelle, n\u00e9 en 1986 \u00e0 La Seyne-sur-Mer (Var), aujourd\u2019hui Kin\u00e9sith\u00e9rapeute, est un ancien joueur\u00a0 de rugby \u00e0 XV qui \u00e9voluait au poste de demi d\u2019ouverture, pass\u00e9 par Toulon, Lyon, Provence Rugby, La Seyne-sur-Mer, US bressane, Lille et Hy\u00e8res.<\/p>\n","protected":false},"excerpt":{"rendered":"Le Rugby Club Toulonnais (RCT) montre un int\u00e9r\u00eat marqu\u00e9 pour le demi de m\u00eal\u00e9e clermontois Baptiste Jauneau, dont&hellip;\n","protected":false},"author":2,"featured_media":33951,"comment_status":"","ping_status":"","sticky":false,"template":"","format":"standard","meta":{"footnotes":""},"categories":[9619],"tags":[1111,11,1777,674,1011,27,12,882,25,2310],"class_list":{"0":"post-307053","1":"post","2":"type-post","3":"status-publish","4":"format-standard","5":"has-post-thumbnail","7":"category-toulon","8":"tag-actu","9":"tag-actualites","10":"tag-eu","11":"tag-europe","12":"tag-fr","13":"tag-france","14":"tag-news","15":"tag-provence-alpes-cote-dazur","16":"tag-republique-francaise","17":"tag-toulon"},"share_on_mastodon":{"url":"https:\/\/pubeurope.com\/@fr\/114998162442953449","error":""},"_links":{"self":[{"href":"https:\/\/www.europesays.com\/fr\/wp-json\/wp\/v2\/posts\/307053","targetHints":{"allow":["GET"]}}],"collection":[{"href":"https:\/\/www.europesays.com\/fr\/wp-json\/wp\/v2\/posts"}],"about":[{"href":"https:\/\/www.europesays.com\/fr\/wp-json\/wp\/v2\/types\/post"}],"author":[{"embeddable":true,"href":"https:\/\/www.europesays.com\/fr\/wp-json\/wp\/v2\/users\/2"}],"replies":[{"embeddable":true,"href":"https:\/\/www.europesays.com\/fr\/wp-json\/wp\/v2\/comments?post=307053"}],"version-history":[{"count":0,"href":"https:\/\/www.europesays.com\/fr\/wp-json\/wp\/v2\/posts\/307053\/revisions"}],"wp:featuredmedia":[{"embeddable":true,"href":"https:\/\/www.europesays.com\/fr\/wp-json\/wp\/v2\/media\/33951"}],"wp:attachment":[{"href":"https:\/\/www.europesays.com\/fr\/wp-json\/wp\/v2\/media?parent=307053"}],"wp:term":[{"taxonomy":"category","embeddable":true,"href":"https:\/\/www.europesays.com\/fr\/wp-json\/wp\/v2\/categories?post=307053"},{"taxonomy":"post_tag","embeddable":true,"href":"https:\/\/www.europesays.com\/fr\/wp-json\/wp\/v2\/tags?post=307053"}],"curies":[{"name":"wp","href":"https:\/\/api.w.org\/{rel}","templated":true}]}}