{"id":307059,"date":"2025-08-09T09:51:09","date_gmt":"2025-08-09T09:51:09","guid":{"rendered":"https:\/\/www.europesays.com\/fr\/307059\/"},"modified":"2025-08-09T09:51:09","modified_gmt":"2025-08-09T09:51:09","slug":"ou-mange-t-on-la-meilleure-pizza-a-rennes-des-italiens-nous-repondent","status":"publish","type":"post","link":"https:\/\/www.europesays.com\/fr\/307059\/","title":{"rendered":"O\u00f9 mange-t-on la meilleure pizza \u00e0 Rennes\u00a0: des Italiens nous r\u00e9pondent"},"content":{"rendered":"<p>Angelo, Supino, Ciao Bella, Tripletta\u2026 Ces noms de restaurants situ\u00e9s \u00e0 Rennes sentent bon la dolce vita, le soleil et la mozzarella cr\u00e9meuse. Tous ont un point commun : il s\u2019agit de pizzerias et dans la capitale bretonne, ces adresses fleurissent un peu partout, au point de rendre un choix difficile entre ces \u00e9tablissements.<\/p>\n<p>Sur ce sujet hautement d\u00e9licat, trois Italiens, Andr\u00e9a, Guerino et Federico, bas\u00e9s \u00e0 Rennes, nous confient leurs meilleures adresses, mais aussi leurs conseils pour bien choisir sa pizzeria. Sur ce dernier crit\u00e8re, Gu\u00e9rino, originaire des Pouilles dans le sud de l\u2019Italie, donne le ton : \u00ab La pizza, c\u2019est sacr\u00e9 chez nous. Il ne faut pas d\u2019ingr\u00e9dients bizarres dessus, \u00e7a n\u2019est pas dans notre culture. \u00bb<\/p>\n<p>Une saveur de Naples<\/p>\n<p>La surprise n\u2019est pas tr\u00e8s grande quand, pour deux de ces amateurs de pizzas, ressortent des adresses dont la sp\u00e9cialit\u00e9 est la pizza napolitaine. \u00ab C\u2019est un peu la mode \u00bb, confie Andr\u00e9a, originaire du nord de l\u2019Italie, pr\u00e8s de Milan. Et pour lui, deux adresses se d\u00e9gagent du lot : Ciao Bella, rue du Mar\u00e9chal-Joffre et Mono, boulevard de la Libert\u00e9. \u00ab C\u2019est clairement les meilleures. Tout est bon dedans. \u00bb<\/p>\n<p>Pour Federico, \u00e9galement du nord de l\u2019Italie, le choix est assez similaire. Mono revient dans la discussion, et Supino, \u00e0 l\u2019angle de rue d\u2019Antrain et Saint-Melaine \u00e9galement. \u00ab J\u2019ai de tr\u00e8s bons souvenirs \u00e0 Mono. \u00bb Il compl\u00e8te son podium par la franchise <a href=\"https:\/\/www.letelegramme.fr\/ille-et-vilaine\/rennes-35000\/a-rennes-ces-5-nouveaux-restaurants-viennent-douvrir-leurs-portes-6700871.php\" target=\"_blank\" rel=\"nofollow noopener\">Tripletta, situ\u00e9e sur le mail Mitterrand.<\/a><\/p>\n<p>Un choix difficile<\/p>\n<p>Pour Guerino, le d\u00e9bat est rapidement tranch\u00e9. Seulement deux pizzerias trouvent gr\u00e2ce aupr\u00e8s de son palais et elles se trouvent en dehors de Rennes. Originaire des Pouilles, dans le sud de l\u2019Italie, il pr\u00e9f\u00e8re se rendre en p\u00e9riph\u00e9rie et plus pr\u00e9cis\u00e9ment chez Il Toscano \u00e0 la M\u00e9zi\u00e8res. \u00ab C\u2019est m\u00eame meilleur qu\u2019en Italie ici. Il y a de tr\u00e8s tr\u00e8s bons produits. \u00bb La seconde se trouve \u00e0 Betton. \u00ab C\u2019est l\u2019Officina. Elle est g\u00e9r\u00e9e par un Italien. Ce sont des pizzas napolitaines classique. \u00bb<\/p>\n<p>Bien \u00e9videmment, ces amateurs de bonnes bouffes n\u2019ont pas test\u00e9 toutes les pizzerias de Rennes. Mais certaines autres adresses ont retenu leur attention. En premi\u00e8re ligne, Angelo, qui pour eux a perdu un peu de saveur. \u00ab Mais la p\u00e2te est tr\u00e8s bonne \u00bb, rassure Federico.<\/p>\n<p>Fuecco Nero, r\u00e9cemment ouvert, est sujet au d\u00e9bat pour Andr\u00e9a et ses amis. \u00ab C\u2019est un peu plus orignal, moi j\u2019aime bien, mais ce n\u2019est pas le cas de tout le monde. \u00bb<\/p>\n<p>Des crit\u00e8res \u00ab impartiaux \u00bb<\/p>\n<p>Quand il s\u2019agit de parler de recette de pizza, plac\u00e9e comme culte culinaire en Italie, ils sont tous les trois un poil tatillon. Pour Andrea, l\u2019id\u00e9al, c\u2019est une pizza \u00ab pas trop riche en ingr\u00e9dients \u00bb. Federico, lui, veut de la simplicit\u00e9 avant tout : \u00ab J\u2019en prends g\u00e9n\u00e9ralement une avec des l\u00e9gumes, avec de la mozzarella di buffala. On est un peu ayatollah sur \u00e7a. \u00bb \u00ab Une bonne sauce tomate, c\u2019est super important. Je n\u2019aime pas quand c\u2019est trop acide \u00bb, compl\u00e8te Guerino.<\/p>\n<p>Entre p\u00e2te et margherita<\/p>\n<p>Autre crit\u00e8re primordial : la p\u00e2te ! \u00ab Il faut faire tr\u00e8s attention \u00e0 la fermentation. Si elle est mauvaise, la pizza donnera soif \u00bb, conseille Andr\u00e9a. \u00ab Si la p\u00e2te est de mauvaise qualit\u00e9, on peut avoir mal au bide toute la soir\u00e9e \u00bb, abonde Federico.<\/p>\n<p>Entre deux avis tranch\u00e9s s\u00fbr telle ou telle adresse, Guerino livre un conseil pour jauger un restaurant. \u00ab Si la margherita n\u2019est pas bonne, c\u2019est que le chef ne fait pas bien son travail. La margherita, c\u2019est le test pour savoir s\u2019il faut revenir. \u00bb Dernier petit conseil distill\u00e9 par Guerino si vous ne voulez pas f\u00e2cher un italien avec la pizza : \u00ab Il ne faut jamais cuire le jambon de Parme dessus ! \u00bb<\/p>\n","protected":false},"excerpt":{"rendered":"Angelo, Supino, Ciao Bella, Tripletta\u2026 Ces noms de restaurants situ\u00e9s \u00e0 Rennes sentent bon la dolce vita, le&hellip;\n","protected":false},"author":2,"featured_media":307060,"comment_status":"","ping_status":"","sticky":false,"template":"","format":"standard","meta":{"footnotes":""},"categories":[2821],"tags":[1111,11,829,1777,674,1011,27,848,12,584,25],"class_list":{"0":"post-307059","1":"post","2":"type-post","3":"status-publish","4":"format-standard","5":"has-post-thumbnail","7":"category-rennes","8":"tag-actu","9":"tag-actualites","10":"tag-bretagne","11":"tag-eu","12":"tag-europe","13":"tag-fr","14":"tag-france","15":"tag-ille-et-vilaine","16":"tag-news","17":"tag-rennes","18":"tag-republique-francaise"},"share_on_mastodon":{"url":"https:\/\/pubeurope.com\/@fr\/114998193912158876","error":""},"_links":{"self":[{"href":"https:\/\/www.europesays.com\/fr\/wp-json\/wp\/v2\/posts\/307059","targetHints":{"allow":["GET"]}}],"collection":[{"href":"https:\/\/www.europesays.com\/fr\/wp-json\/wp\/v2\/posts"}],"about":[{"href":"https:\/\/www.europesays.com\/fr\/wp-json\/wp\/v2\/types\/post"}],"author":[{"embeddable":true,"href":"https:\/\/www.europesays.com\/fr\/wp-json\/wp\/v2\/users\/2"}],"replies":[{"embeddable":true,"href":"https:\/\/www.europesays.com\/fr\/wp-json\/wp\/v2\/comments?post=307059"}],"version-history":[{"count":0,"href":"https:\/\/www.europesays.com\/fr\/wp-json\/wp\/v2\/posts\/307059\/revisions"}],"wp:featuredmedia":[{"embeddable":true,"href":"https:\/\/www.europesays.com\/fr\/wp-json\/wp\/v2\/media\/307060"}],"wp:attachment":[{"href":"https:\/\/www.europesays.com\/fr\/wp-json\/wp\/v2\/media?parent=307059"}],"wp:term":[{"taxonomy":"category","embeddable":true,"href":"https:\/\/www.europesays.com\/fr\/wp-json\/wp\/v2\/categories?post=307059"},{"taxonomy":"post_tag","embeddable":true,"href":"https:\/\/www.europesays.com\/fr\/wp-json\/wp\/v2\/tags?post=307059"}],"curies":[{"name":"wp","href":"https:\/\/api.w.org\/{rel}","templated":true}]}}