{"id":307063,"date":"2025-08-09T09:55:11","date_gmt":"2025-08-09T09:55:11","guid":{"rendered":"https:\/\/www.europesays.com\/fr\/307063\/"},"modified":"2025-08-09T09:55:11","modified_gmt":"2025-08-09T09:55:11","slug":"cest-reparti-pour-le-centre-de-formation","status":"publish","type":"post","link":"https:\/\/www.europesays.com\/fr\/307063\/","title":{"rendered":"C\u2019est reparti pour le centre de formation !"},"content":{"rendered":"<p class=\"chapo\">C\u2019est reparti pour le centre de formation ! \u00c0 cette occasion, l\u2019entra\u00eeneur des Espoirs, Patrice Koenig, revient sur une semaine de reprise marqu\u00e9e par l\u2019intensit\u00e9 et les retrouvailles.<\/p>\n<p><strong>Salut Patrice, comment \u00e7a va ?<\/strong><br \/>Pk : \u00ab\u00a0Super bien, merci ! J\u2019ai vraiment profit\u00e9 de l\u2019\u00e9t\u00e9 : un peu de repos, mais aussi beaucoup de pr\u00e9paration pour la saison qui arrive.\u00a0\u00bb<br \/>\n<strong>Le recrutement a \u00e9t\u00e9 intense cet \u00e9t\u00e9. Quels en ont \u00e9t\u00e9 les points forts ?<\/strong><br \/>Pk : \u00ab\u00a0Comme chaque ann\u00e9e, on mise sur le potentiel. On commence par recruter dans le Grand Est, puis on \u00e9largit nos recherches. Cette ann\u00e9e, nous avons\u00a0 8 nouveaux joueurs qui rejoignent l\u2019aventure, dont 3 Espoirs et 5 Cadets.\u00a0\u00bb<br \/>\n<strong>Pas trop difficile de trouver ces talents ?<\/strong><br \/>Pk \u00ab\u00a0Pas vraiment. D\u00e8s la fin de la saison derni\u00e8re, on avait cibl\u00e9 plusieurs profils. Ils ont rapidement adh\u00e9r\u00e9 au projet, \u00e7a fait plaisir !\u00a0\u00bb<br \/>\n<strong>L\u2019\u00e9quipe est-elle d\u00e9j\u00e0 au complet ?<\/strong><br \/>Pk : \u00ab\u00a0Oui, tout le monde est l\u00e0. On a quelques petits p\u00e9pins physiques, mais rien de grave. On attend aussi de voir Jahel Tr\u00e8fle, qui est entrain de revenir de l\u2019\u00e9quipe de France.\u00a0\u00bb<br \/>\n<strong>Et c\u00f4t\u00e9 staff, du nouveau ?<\/strong><br \/>\nPk: \u00ab\u00a0Oui, et je tiens \u00e0 remercier Lionel, David et Dani pour leur travail. Ils ont marqu\u00e9 le centre de formation par leur implication aupr\u00e8s des jeunes. C\u00f4t\u00e9 remplacements : Evan prend le poste d\u2019assistant U18, Anne devient notre kin\u00e9, et nous cherchons toujours un pr\u00e9parateur physique. En attendant, on peut compter sur un visage bien connu : Terrick Nerome qui \u00a0nous apporte une aide ext\u00e9rieure.\u00a0\u00bb<br \/>\n<strong>Comment s\u2019est pass\u00e9e la reprise ?<\/strong><br \/>Pk: \u00ab\u00a0Lundi, les joueurs se sont install\u00e9s. D\u00e8s mardi, on a encha\u00een\u00e9 : pr\u00e9paration physique avec Terrick (muscu, proprioception), puis entra\u00eenements basket avec tout le staff. Le rythme est lanc\u00e9 !\u00a0\u00bb<br \/>\n<strong>Les objectifs \u00e0 court terme ?<\/strong><br \/>Pk: \u00ab\u00a0Cr\u00e9er du lien, trouver des automatismes, se pousser mutuellement vers le haut. On veut \u00eatre pr\u00eats pour le premier match de championnat, le 27 septembre \u00e0 Cholet.\u00a0\u00bb<br \/>\n<strong>Un message pour la SIGArmy ?<\/strong><br \/>Pk: \u00ab\u00a0On vous attend avec impatience ! Vous \u00eates notre sixi\u00e8me homme, pour les U18 comme pour les Espoirs. On a h\u00e2te de vous revoir et de vous offrir du beau spectacle\u00a0!\u00a0\u00bb<\/p>\n<p>\u00a0<\/p>\n<p>\u00a0<\/p>\n","protected":false},"excerpt":{"rendered":"C\u2019est reparti pour le centre de formation ! \u00c0 cette occasion, l\u2019entra\u00eeneur des Espoirs, Patrice Koenig, revient sur&hellip;\n","protected":false},"author":2,"featured_media":307064,"comment_status":"","ping_status":"","sticky":false,"template":"","format":"standard","meta":{"footnotes":""},"categories":[2820],"tags":[1111,11,3146,1777,674,1011,27,775,3145,12,25,3144,640],"class_list":{"0":"post-307063","1":"post","2":"type-post","3":"status-publish","4":"format-standard","5":"has-post-thumbnail","7":"category-strasbourg","8":"tag-actu","9":"tag-actualites","10":"tag-betclic-elite","11":"tag-eu","12":"tag-europe","13":"tag-fr","14":"tag-france","15":"tag-grand-est","16":"tag-lnb","17":"tag-news","18":"tag-republique-francaise","19":"tag-sig","20":"tag-strasbourg"},"share_on_mastodon":{"url":"https:\/\/pubeurope.com\/@fr\/114998209654267833","error":""},"_links":{"self":[{"href":"https:\/\/www.europesays.com\/fr\/wp-json\/wp\/v2\/posts\/307063","targetHints":{"allow":["GET"]}}],"collection":[{"href":"https:\/\/www.europesays.com\/fr\/wp-json\/wp\/v2\/posts"}],"about":[{"href":"https:\/\/www.europesays.com\/fr\/wp-json\/wp\/v2\/types\/post"}],"author":[{"embeddable":true,"href":"https:\/\/www.europesays.com\/fr\/wp-json\/wp\/v2\/users\/2"}],"replies":[{"embeddable":true,"href":"https:\/\/www.europesays.com\/fr\/wp-json\/wp\/v2\/comments?post=307063"}],"version-history":[{"count":0,"href":"https:\/\/www.europesays.com\/fr\/wp-json\/wp\/v2\/posts\/307063\/revisions"}],"wp:featuredmedia":[{"embeddable":true,"href":"https:\/\/www.europesays.com\/fr\/wp-json\/wp\/v2\/media\/307064"}],"wp:attachment":[{"href":"https:\/\/www.europesays.com\/fr\/wp-json\/wp\/v2\/media?parent=307063"}],"wp:term":[{"taxonomy":"category","embeddable":true,"href":"https:\/\/www.europesays.com\/fr\/wp-json\/wp\/v2\/categories?post=307063"},{"taxonomy":"post_tag","embeddable":true,"href":"https:\/\/www.europesays.com\/fr\/wp-json\/wp\/v2\/tags?post=307063"}],"curies":[{"name":"wp","href":"https:\/\/api.w.org\/{rel}","templated":true}]}}