{"id":307072,"date":"2025-08-09T10:03:15","date_gmt":"2025-08-09T10:03:15","guid":{"rendered":"https:\/\/www.europesays.com\/fr\/307072\/"},"modified":"2025-08-09T10:03:15","modified_gmt":"2025-08-09T10:03:15","slug":"bayonne-bordeaux-la-composition-dequipe-probable-des-girondins","status":"publish","type":"post","link":"https:\/\/www.europesays.com\/fr\/307072\/","title":{"rendered":"Bayonne-Bordeaux : la composition d&rsquo;\u00e9quipe probable des Girondins"},"content":{"rendered":"<p>\n    09\/08 &#8211; 11:10 | Par Nicolas Pietrelli | Il y a<br \/>\n    53 minutes\n  <\/p>\n<p><strong>Ce samedi \u00e0 18h30 au Stade intercommunal de Tarnos, les Girondins de Bordeaux affrontent l&rsquo;Aviron Bayonnais (N2). D\u00e9couvrez la composition d&rsquo;\u00e9quipe probable des Marine et Blanc pour ce dernier rendez-vous de pr\u00e9paration avant la comp\u00e9tition.<\/strong><\/p>\n<p><img decoding=\"async\" src=\"https:\/\/www.europesays.com\/fr\/wp-content\/uploads\/2025\/08\/671_21d7cbef58ae00a7868bfeff61f4c506.jpg\" alt=\"Bayonne-Bordeaux : la composition d'\u00e9quipe probable des Girondins \" class=\"img-responsive mt-3\"\/><\/p>\n<p class=\"text-center mb-3\" style=\"font-size: 14px\">\u00a9 Iconsport<\/p>\n<p>Le groupe de 18 joueurs des Girondins de Bordeaux retenu par Bruno Irl\u00e8s est <a href=\"https:\/\/www.webgirondins.com\/actualite-girondins-bayonne-bordeaux-un-groupe-de-18-joueurs-retenus-par-bruno-irles-sans-nsimba-130002\" target=\"_blank\" rel=\"noopener nofollow\">disponible ici<\/a>.<\/p>\n<p>La composition d&rsquo;\u00e9quipe probable face \u00e0 l&rsquo;Aviron Bayonnais :<\/p>\n<p><img decoding=\"async\" src=\"https:\/\/www.europesays.com\/fr\/wp-content\/uploads\/2025\/08\/4-4-2 (30).jpg\" alt=\"4-4-2 (30).jpg (78 KB)\" style=\"width:700px;max-width:100%;\"\/><\/p>\n<p>\u00a0<\/p>\n<p style=\"text-align: justify;\">\u00c0 lire aussi &gt;&gt; <a href=\"https:\/\/www.webgirondins.com\/actualite-girondins-r1-les-girondins-s-inclinent-contre-le-fc-biganos-en-preparation-avec-yanis-merdji-129998\" target=\"_blank\" rel=\"noopener nofollow\"><strong>R1 : les Girondins s&rsquo;inclinent contre le FC Biganos en pr\u00e9paration avec Yanis Merdji<\/strong><\/a><\/p>\n<p style=\"text-align: justify;\">Notre podcast court \u00e0 \u00e9couter :<\/p>\n<p>\u00a0<\/p>\n<p>  COMMENTAIRES<br \/>\n  ()<\/p>\n","protected":false},"excerpt":{"rendered":"09\/08 &#8211; 11:10 | Par Nicolas Pietrelli | Il y a 53 minutes Ce samedi \u00e0 18h30 au&hellip;\n","protected":false},"author":2,"featured_media":291079,"comment_status":"","ping_status":"","sticky":false,"template":"","format":"standard","meta":{"footnotes":""},"categories":[2817],"tags":[1111,11,7684,3810,43478,9202,1997,3984,2263,1777,674,1011,27,1987,43845,12,2219,12142,25,3982,2858,43479],"class_list":{"0":"post-307072","1":"post","2":"type-post","3":"status-publish","4":"format-standard","5":"has-post-thumbnail","7":"category-bordeaux","8":"tag-actu","9":"tag-actualites","10":"tag-affrontent","11":"tag-aviron","12":"tag-bayonnais","13":"tag-bayonne","14":"tag-bordeaux","15":"tag-composition","16":"tag-equipe","17":"tag-eu","18":"tag-europe","19":"tag-fr","20":"tag-france","21":"tag-girondins","22":"tag-intercommunal","23":"tag-news","24":"tag-nouvelle-aquitaine","25":"tag-probable","26":"tag-republique-francaise","27":"tag-samedi","28":"tag-stade","29":"tag-tarnos"},"share_on_mastodon":{"url":"","error":""},"_links":{"self":[{"href":"https:\/\/www.europesays.com\/fr\/wp-json\/wp\/v2\/posts\/307072","targetHints":{"allow":["GET"]}}],"collection":[{"href":"https:\/\/www.europesays.com\/fr\/wp-json\/wp\/v2\/posts"}],"about":[{"href":"https:\/\/www.europesays.com\/fr\/wp-json\/wp\/v2\/types\/post"}],"author":[{"embeddable":true,"href":"https:\/\/www.europesays.com\/fr\/wp-json\/wp\/v2\/users\/2"}],"replies":[{"embeddable":true,"href":"https:\/\/www.europesays.com\/fr\/wp-json\/wp\/v2\/comments?post=307072"}],"version-history":[{"count":0,"href":"https:\/\/www.europesays.com\/fr\/wp-json\/wp\/v2\/posts\/307072\/revisions"}],"wp:featuredmedia":[{"embeddable":true,"href":"https:\/\/www.europesays.com\/fr\/wp-json\/wp\/v2\/media\/291079"}],"wp:attachment":[{"href":"https:\/\/www.europesays.com\/fr\/wp-json\/wp\/v2\/media?parent=307072"}],"wp:term":[{"taxonomy":"category","embeddable":true,"href":"https:\/\/www.europesays.com\/fr\/wp-json\/wp\/v2\/categories?post=307072"},{"taxonomy":"post_tag","embeddable":true,"href":"https:\/\/www.europesays.com\/fr\/wp-json\/wp\/v2\/tags?post=307072"}],"curies":[{"name":"wp","href":"https:\/\/api.w.org\/{rel}","templated":true}]}}