{"id":307079,"date":"2025-08-09T10:07:13","date_gmt":"2025-08-09T10:07:13","guid":{"rendered":"https:\/\/www.europesays.com\/fr\/307079\/"},"modified":"2025-08-09T10:07:13","modified_gmt":"2025-08-09T10:07:13","slug":"a-1h30-de-lille-une-grande-fete-de-la-biere-avec-concerts-aura-lieu-en-septembre","status":"publish","type":"post","link":"https:\/\/www.europesays.com\/fr\/307079\/","title":{"rendered":"\u00c0 1h30 de Lille, une grande f\u00eate de la bi\u00e8re avec concerts aura lieu en septembre"},"content":{"rendered":"<p>            Par<br \/>\n        <strong><br \/>\n            <a href=\"https:\/\/actu.fr\/auteur\/raphael-mahlmann\" title=\"Consulter tous les articles de Rapha\u00ebl Mahlmann\" rel=\"nofollow noopener\" target=\"_blank\">Rapha\u00ebl Mahlmann<\/a><br \/>\n        <\/strong><\/p>\n<p>        Publi\u00e9 le<\/p>\n<p>            9 ao\u00fbt 2025 \u00e0 10h59        <\/p>\n<p>Cette f\u00eate de la bi\u00e8re \u00e0 1\u2009h\u200930 de Lille est \u00e0 ne pas manquer. Le Beer Festival de <a href=\"https:\/\/actu.fr\/hauts-de-france\/saint-quentin_02691\" rel=\"nofollow noopener\" target=\"_blank\">Saint-Quentin<\/a> (Aisne) est de retour du 5 au 8\u00a0septembre 2025. Pendant quatre jours, les <a href=\"https:\/\/actu.fr\/hauts-de-france\/villeneuve-d-ascq_59009\/nord-la-biere-un-metier-qui-nest-pas-reserve-aux-hommes-trois-brasseuses-creent-la-biere-sororite_62350113.html\" rel=\"nofollow noopener\" target=\"_blank\">brasseurs <\/a>de la ville s\u2019installeront sur la Place de l\u2019H\u00f4tel de Ville dans une <b>ambiance conviviale et festive<\/b>. Les festivaliers pourront d\u00e9guster les meilleures bi\u00e8res du coin tout en dansant et chantant au rythme des concerts donn\u00e9s tout le week-end. On vous en dit plus sur la <b>programmation <\/b>de cette ann\u00e9e.<\/p>\n<p>Programmation compl\u00e8te<\/p>\n<p class=\" wall-content\">Le week-end de la rentr\u00e9e sera festif \u00e0 Saint-Quentin. Au programme, d\u00e9gustations de<b> bi\u00e8res des brasseries de Saint-Quentin<\/b> et concerts. Vendredi, la place de l\u2019H\u00f4tel de Ville va se m\u00e9tamorphoser avec l\u2019installation de chapiteaux, des stands des brasseurs et restaurateurs et d\u2019une grande sc\u00e8ne pour accueillir les artistes.<\/p>\n<p class=\" wall-content\"><b>Vendredi 5\u00a0septembre\u2009:<\/b><\/p>\n<p class=\" wall-content\">\u2013 Duo Chocolate Mousse (18\u2009h-19\u2009h\u200930)<\/p>\n<p class=\" wall-content\">\u2013 Dust (20\u2009h-22\u2009h)<\/p>\n<p class=\" wall-content\">\u2013 DJ Vincent Diego (22\u2009h-00\u2009h)<\/p>\n<p class=\" wall-content\"><b>Samedi 6\u00a0septembre\u2009:<\/b><\/p>\n<p class=\" wall-content\">\u2013 Autowash (14\u2009h-15\u2009h\u200930)<\/p>\n<p class=\" wall-content\">\u2013 Sos Tribute Sting and The Police (16\u2009h-17\u2009h\u200930)<\/p>\n<p class=\" wall-content\">\u2013 Sliders (18\u2009h-19\u2009h\u200930)<\/p>\n<p class=\" wall-content\">\u2013 Tribute Disco Night Fever (20\u2009h-22\u2009h)<\/p>\n<p class=\" wall-content\">\u2013 DJ Marcus G\u00e9n\u00e9raliste (22\u2009h-00\u2009h)<\/p>\n<p class=\" wall-content\"><b>Dimanche 7\u00a0septembre\u2009:<\/b><\/p>\n<p class=\" wall-content\">\u2013 Hobo Trippin (15\u2009h\u200930-17\u2009h)<\/p>\n<p class=\" wall-content\">\u2013 Disc Over (17\u2009h\u200930-19\u2009h\u200930)<\/p>\n<p class=\" wall-content\">\u2013 DJ Bruno V Funk 80\/90 (19\u2009h\u200930-21\u2009h\u200930)<\/p>\n<p class=\" wall-content\"><b>Lundi 8\u00a0septembre\u2009:<\/b><\/p>\n<p class=\" wall-content\">\u2013 Duo Christel\u2019Laurent (14\u2009h-17\u2009h)<\/p>\n<p class=\" wall-content\"><b>Entr\u00e9e\u2009:<\/b> 6\u00a0\u20ac avec un gobelet\/3\u00a0\u20ac pour les adolescents \u00e0 partir de 16\u00a0ans, sans gobelet. Pass week-end 15\u00a0euros. Le lundi est gratuit.<\/p>\n<p class=\" wall-content\">En parall\u00e8le de ce festival de la bi\u00e8re, il sera possible de chiner avec la traditionnelle <b>grande braderie de Saint-Quentin<\/b> le dimanche 7\u00a0septembre et lundi 8\u00a0septembre 2025.<\/p>\n<p class=\" wall-content\">Suivez toute l\u2019actualit\u00e9 de vos villes et m\u00e9dias favoris en vous inscrivant \u00e0 <a href=\"https:\/\/moncompte.actu.fr\" title=\"D\u00e9couvez Mon Actu\" rel=\"nofollow noopener\" data-trk=\"{&quot;cta&quot;:{&quot;action&quot;:&quot;https:\\\/\\\/moncompte.actu.fr&quot;,&quot;category&quot;:&quot;mon compte&quot;,&quot;from&quot;:&quot;article footer&quot;,&quot;name&quot;:&quot;Mon actu&quot;,&quot;type&quot;:&quot;cta&quot;}}\" target=\"_blank\">Mon Actu<\/a>.<\/p>\n","protected":false},"excerpt":{"rendered":"Par Rapha\u00ebl Mahlmann Publi\u00e9 le 9 ao\u00fbt 2025 \u00e0 10h59 Cette f\u00eate de la bi\u00e8re \u00e0 1\u2009h\u200930 de&hellip;\n","protected":false},"author":2,"featured_media":307080,"comment_status":"","ping_status":"","sticky":false,"template":"","format":"standard","meta":{"footnotes":""},"categories":[2815],"tags":[1111,11,1063,7722,1777,674,1011,27,811,1307,12,25,104],"class_list":{"0":"post-307079","1":"post","2":"type-post","3":"status-publish","4":"format-standard","5":"has-post-thumbnail","7":"category-lille","8":"tag-actu","9":"tag-actualites","10":"tag-animations","11":"tag-biere","12":"tag-eu","13":"tag-europe","14":"tag-fr","15":"tag-france","16":"tag-hauts-de-france","17":"tag-lille","18":"tag-news","19":"tag-republique-francaise","20":"tag-societe"},"share_on_mastodon":{"url":"https:\/\/pubeurope.com\/@fr\/114998257296676457","error":""},"_links":{"self":[{"href":"https:\/\/www.europesays.com\/fr\/wp-json\/wp\/v2\/posts\/307079","targetHints":{"allow":["GET"]}}],"collection":[{"href":"https:\/\/www.europesays.com\/fr\/wp-json\/wp\/v2\/posts"}],"about":[{"href":"https:\/\/www.europesays.com\/fr\/wp-json\/wp\/v2\/types\/post"}],"author":[{"embeddable":true,"href":"https:\/\/www.europesays.com\/fr\/wp-json\/wp\/v2\/users\/2"}],"replies":[{"embeddable":true,"href":"https:\/\/www.europesays.com\/fr\/wp-json\/wp\/v2\/comments?post=307079"}],"version-history":[{"count":0,"href":"https:\/\/www.europesays.com\/fr\/wp-json\/wp\/v2\/posts\/307079\/revisions"}],"wp:featuredmedia":[{"embeddable":true,"href":"https:\/\/www.europesays.com\/fr\/wp-json\/wp\/v2\/media\/307080"}],"wp:attachment":[{"href":"https:\/\/www.europesays.com\/fr\/wp-json\/wp\/v2\/media?parent=307079"}],"wp:term":[{"taxonomy":"category","embeddable":true,"href":"https:\/\/www.europesays.com\/fr\/wp-json\/wp\/v2\/categories?post=307079"},{"taxonomy":"post_tag","embeddable":true,"href":"https:\/\/www.europesays.com\/fr\/wp-json\/wp\/v2\/tags?post=307079"}],"curies":[{"name":"wp","href":"https:\/\/api.w.org\/{rel}","templated":true}]}}