{"id":307083,"date":"2025-08-09T10:09:10","date_gmt":"2025-08-09T10:09:10","guid":{"rendered":"https:\/\/www.europesays.com\/fr\/307083\/"},"modified":"2025-08-09T10:09:10","modified_gmt":"2025-08-09T10:09:10","slug":"une-battle-federatrice-dans-le-15e-arrondissement-de-marseille","status":"publish","type":"post","link":"https:\/\/www.europesays.com\/fr\/307083\/","title":{"rendered":"une battle f\u00e9d\u00e9ratrice dans le 15e arrondissement de Marseille"},"content":{"rendered":"<p>Derri\u00e8re les portes de la m\u00e9diath\u00e8que <a href=\"https:\/\/www.laprovence.com\/actu\/en-direct\/5437765\/marseille-la-mediatheque-du-plan-daou-portera-le-nom-de-salim-hatubou.html\" target=\"_blank\" rel=\"noopener\">Salim-Hatubou<\/a>, les rayons de livres vibrent au rythme des beats funk, rap et soul des ann\u00e9es\u00a02000. Au pied des gradins de l\u2019auditorium, les casquettes snapback tournoient au sol et les sneakers virevoltent dans les airs. Vendredi, un an jour pour jour apr\u00e8s les Jeux olympiques de breakdance \u00e0 la Concorde, <a href=\"https:\/\/www.laprovence.com\/article\/region\/138163385261715\/marseille-a-la-castellane-les-enfants-sinitient-au-breakdance\" target=\"_blank\" rel=\"noopener\">l\u2019association Zemen<\/a> a men\u00e9 sa propre battle sur le plateau du <a href=\"https:\/\/www.laprovence.com\/article\/region\/3017427788380614\/marseille-106-logements-pour-achever-la-renovation-urbaine-au-plan-d-aou\" target=\"_blank\" rel=\"noopener\">Plan d\u2019Aou<\/a>, dans le quartier de Saint-Antoine (15e).<\/p>\n<p>Sur la sc\u00e8ne, huit duos de danseurs &#8211; alliant \u00e9l\u00e8ves de CP et professionnels &#8211; s\u2019affrontent devant un jury d\u2019experts. Les battles\u00a0s\u2019encha\u00eenent, rythm\u00e9es par les platines de DJ Huild et anim\u00e9es par le micro de MC Tony. Sous les applaudissements, les gagnants du jour sont r\u00e9v\u00e9l\u00e9s\u00a0: Didier, 27\u00a0ans et Nahil, 6\u00a0ans remportent cette premi\u00e8re \u00e9dition du Zemen Breaking Live.<\/p>\n<p>Une battle pour transmettre la culture<\/p>\n<p>Derri\u00e8re une gestuelle captivante et des techniques spectaculaires, les b-boys et b-girls &#8211; nom donn\u00e9 aux danseurs de breakdance &#8211; font briller la <a href=\"https:\/\/www.laprovence.com\/article\/culture-loisirs\/211268163013414\/festival-aix-pression-urbaine-2025-le-hip-hop-a-l-honneur-pendant-trois-jours-a-aix-en-provence\" target=\"_blank\" rel=\"noopener\">culture urbaine<\/a>. \u00ab\u00a0Le breakdance, \u00e7a vient de la rue et on l\u2019a amen\u00e9 dans une m\u00e9diath\u00e8que. C\u2019est un choix pour montrer aux parents comme aux enfants que c\u2019est une culture \u00e0 part enti\u00e8re\u00a0\u00bb, affirme Kamel Ouaret, fondateur de l\u2019association Zemen et figure incontournable des \u00e9v\u00e8nements hip-hop marseillais. \u00ab\u00a0Il ne se limite pas \u00e0 l\u2019artistique, il porte une dimension sociale immense dans tout ce qu\u2019il apporte aux familles, le lien qu\u2019il tisse avec elles\u00a0\u00bb, lance fi\u00e8rement <a href=\"https:\/\/www.laprovence.com\/article\/region\/138163385261715\/marseille-a-la-castellane-les-enfants-sinitient-au-breakdance\" target=\"_blank\" rel=\"noopener\">Nahim Sassi<\/a>, directeur artistique de l\u2019\u00e9cole Break2Mars.<\/p>\n","protected":false},"excerpt":{"rendered":"Derri\u00e8re les portes de la m\u00e9diath\u00e8que Salim-Hatubou, les rayons de livres vibrent au rythme des beats funk, rap&hellip;\n","protected":false},"author":2,"featured_media":307084,"comment_status":"","ping_status":"","sticky":false,"template":"","format":"standard","meta":{"footnotes":""},"categories":[2814],"tags":[17,1111,11,15742,270,1446,1777,674,44766,1011,27,820,884,12,882,16,25,96,44765],"class_list":{"0":"post-307083","1":"post","2":"type-post","3":"status-publish","4":"format-standard","5":"has-post-thumbnail","7":"category-marseille","8":"tag-17","9":"tag-actu","10":"tag-actualites","11":"tag-battle","12":"tag-breaking","13":"tag-dans","14":"tag-eu","15":"tag-europe","16":"tag-federatrice","17":"tag-fr","18":"tag-france","19":"tag-live","20":"tag-marseille","21":"tag-news","22":"tag-provence-alpes-cote-dazur","23":"tag-region","24":"tag-republique-francaise","25":"tag-une","26":"tag-zemen"},"share_on_mastodon":{"url":"https:\/\/pubeurope.com\/@fr\/114998264699452426","error":""},"_links":{"self":[{"href":"https:\/\/www.europesays.com\/fr\/wp-json\/wp\/v2\/posts\/307083","targetHints":{"allow":["GET"]}}],"collection":[{"href":"https:\/\/www.europesays.com\/fr\/wp-json\/wp\/v2\/posts"}],"about":[{"href":"https:\/\/www.europesays.com\/fr\/wp-json\/wp\/v2\/types\/post"}],"author":[{"embeddable":true,"href":"https:\/\/www.europesays.com\/fr\/wp-json\/wp\/v2\/users\/2"}],"replies":[{"embeddable":true,"href":"https:\/\/www.europesays.com\/fr\/wp-json\/wp\/v2\/comments?post=307083"}],"version-history":[{"count":0,"href":"https:\/\/www.europesays.com\/fr\/wp-json\/wp\/v2\/posts\/307083\/revisions"}],"wp:featuredmedia":[{"embeddable":true,"href":"https:\/\/www.europesays.com\/fr\/wp-json\/wp\/v2\/media\/307084"}],"wp:attachment":[{"href":"https:\/\/www.europesays.com\/fr\/wp-json\/wp\/v2\/media?parent=307083"}],"wp:term":[{"taxonomy":"category","embeddable":true,"href":"https:\/\/www.europesays.com\/fr\/wp-json\/wp\/v2\/categories?post=307083"},{"taxonomy":"post_tag","embeddable":true,"href":"https:\/\/www.europesays.com\/fr\/wp-json\/wp\/v2\/tags?post=307083"}],"curies":[{"name":"wp","href":"https:\/\/api.w.org\/{rel}","templated":true}]}}