{"id":307085,"date":"2025-08-09T10:10:12","date_gmt":"2025-08-09T10:10:12","guid":{"rendered":"https:\/\/www.europesays.com\/fr\/307085\/"},"modified":"2025-08-09T10:10:12","modified_gmt":"2025-08-09T10:10:12","slug":"la-metropole-lance-une-nouvelle-production-de-froid-renouvelable-pour-faire-face-aux-canicules","status":"publish","type":"post","link":"https:\/\/www.europesays.com\/fr\/307085\/","title":{"rendered":"la M\u00e9tropole lance une nouvelle production de froid renouvelable pour faire face aux canicules"},"content":{"rendered":"<p itemprop=\"description\"><strong>En pleine canicule, la M\u00e9tropole de Lyon pense d\u00e9j\u00e0 \u00e0 la suivante.<\/strong><\/p>\n<p>Ce vendredi 8 ao\u00fbt, la M\u00e9tropole de Lyon a indiqu\u00e9 le lancement de l\u2019\u00e9volution du r\u00e9seau de chaleur Sa\u00f4ne-Yzeron, en r\u00e9ponse au r\u00e9chauffement climatique qui ne cesse d\u2019impacter le territoire. Concr\u00e8tement, les 5e et 9e arrondissements lyonnais ainsi que Tassin-la-Demi-Lune seront \u00e9quip\u00e9s d\u2019un r\u00e9seau de froids actifs. Et ce, dans le but de faire face aux \u00e9pisodes caniculaires.<\/p>\n<p>Il faudra cependant attendre jusqu\u2019en 2027 pour pouvoir b\u00e9n\u00e9ficier de ce nouveau r\u00e9seau de froid dans ces secteurs. La petite particularit\u00e9 de celui-ci reposera sur l\u2019utilisation de la g\u00e9othermie. C\u2019est-\u00e0-dire, exploiter la chaleur du sol pour l\u2019utiliser sous la forme d\u2019une \u00e9nergie renouvelable et sans \u00e9missions.<\/p>\n<p>\u00ab\u00a0L\u2019\u00e9volution du r\u00e9seau de chaleur Sa\u00f4ne-Yzeron, qui int\u00e9grera prochainement une production de froid renouvelable, illustre notre volont\u00e9 de faire \u00e9voluer nos infrastructures \u00e9nerg\u00e9tiques pour r\u00e9pondre aux nouveaux d\u00e9fis climatiques. Ce projet permettra de mutualiser chaleur et rafra\u00eechissement dans une logique d\u2019efficacit\u00e9 \u00e9nerg\u00e9tique et de sobri\u00e9t\u00e9, tout en s\u2019appuyant sur une ressource locale et durable comme la g\u00e9othermie\u00a0\u00bb, explique <a href=\"https:\/\/www.lyonmag.com\/profil-personnalite-lyonnaise\/676\/philippe-guelpa-bonaro\" target=\"_blank\" rel=\"noopener nofollow\">Philippe Guelpa-Bonaro<\/a>, vice-pr\u00e9sident de la M\u00e9tropole de Lyon d\u00e9l\u00e9gu\u00e9 au climat, \u00e0 l\u2019\u00e9nergie et \u00e0 la r\u00e9duction de la publicit\u00e9, au sein d\u2019un communiqu\u00e9.<\/p>\n<p>Il s\u2019agira ainsi du quatri\u00e8me r\u00e9seau de froid de la M\u00e9tropole de Lyon, apr\u00e8s ceux de la Part-Dieu, de Gerland et de la Saulaie, ce dernier sera mis en service d\u00e8s 2026.<\/p>\n","protected":false},"excerpt":{"rendered":"En pleine canicule, la M\u00e9tropole de Lyon pense d\u00e9j\u00e0 \u00e0 la suivante. Ce vendredi 8 ao\u00fbt, la M\u00e9tropole&hellip;\n","protected":false},"author":2,"featured_media":307086,"comment_status":"","ping_status":"","sticky":false,"template":"","format":"standard","meta":{"footnotes":""},"categories":[1889],"tags":[1111,11,2813,2190,2430,1109,251,1112,2811,1777,674,118,1011,27,1922,1110,1114,2428,2810,12,241,316,25,2812,517,800],"class_list":{"0":"post-307085","1":"post","2":"type-post","3":"status-publish","4":"format-standard","5":"has-post-thumbnail","7":"category-lyon","8":"tag-actu","9":"tag-actualites","10":"tag-article","11":"tag-asvel","12":"tag-auvergne-rhone-alpes","13":"tag-breves","14":"tag-culture","15":"tag-depeches","16":"tag-economique","17":"tag-eu","18":"tag-europe","19":"tag-faits-divers","20":"tag-fr","21":"tag-france","22":"tag-info","23":"tag-informations","24":"tag-infos","25":"tag-lyon","26":"tag-lyonmag","27":"tag-news","28":"tag-ol","29":"tag-politique","30":"tag-republique-francaise","31":"tag-sociale","32":"tag-sport","33":"tag-transports"},"share_on_mastodon":{"url":"https:\/\/pubeurope.com\/@fr\/114998268748951228","error":""},"_links":{"self":[{"href":"https:\/\/www.europesays.com\/fr\/wp-json\/wp\/v2\/posts\/307085","targetHints":{"allow":["GET"]}}],"collection":[{"href":"https:\/\/www.europesays.com\/fr\/wp-json\/wp\/v2\/posts"}],"about":[{"href":"https:\/\/www.europesays.com\/fr\/wp-json\/wp\/v2\/types\/post"}],"author":[{"embeddable":true,"href":"https:\/\/www.europesays.com\/fr\/wp-json\/wp\/v2\/users\/2"}],"replies":[{"embeddable":true,"href":"https:\/\/www.europesays.com\/fr\/wp-json\/wp\/v2\/comments?post=307085"}],"version-history":[{"count":0,"href":"https:\/\/www.europesays.com\/fr\/wp-json\/wp\/v2\/posts\/307085\/revisions"}],"wp:featuredmedia":[{"embeddable":true,"href":"https:\/\/www.europesays.com\/fr\/wp-json\/wp\/v2\/media\/307086"}],"wp:attachment":[{"href":"https:\/\/www.europesays.com\/fr\/wp-json\/wp\/v2\/media?parent=307085"}],"wp:term":[{"taxonomy":"category","embeddable":true,"href":"https:\/\/www.europesays.com\/fr\/wp-json\/wp\/v2\/categories?post=307085"},{"taxonomy":"post_tag","embeddable":true,"href":"https:\/\/www.europesays.com\/fr\/wp-json\/wp\/v2\/tags?post=307085"}],"curies":[{"name":"wp","href":"https:\/\/api.w.org\/{rel}","templated":true}]}}