{"id":307089,"date":"2025-08-09T10:14:16","date_gmt":"2025-08-09T10:14:16","guid":{"rendered":"https:\/\/www.europesays.com\/fr\/307089\/"},"modified":"2025-08-09T10:14:16","modified_gmt":"2025-08-09T10:14:16","slug":"le-plan-disrael-pour-occuper-militairement-toute-lenclave","status":"publish","type":"post","link":"https:\/\/www.europesays.com\/fr\/307089\/","title":{"rendered":"le plan d&rsquo;Isra\u00ebl pour occuper militairement toute l&rsquo;enclave"},"content":{"rendered":"<p>            lire plus tard<\/p>\n<p id=\"dialog__title\" class=\"dialog__title\">Pour sauvegarder cet article, connectez-vous ou cr\u00e9ez un compte franceinfo<\/p>\n<p class=\"dialog__description\">Sans paiement. Sans abonnement.<\/p>\n<p>        Fermer la fen\u00eatre d\u2019activation des notifications France Info<\/p>\n<p>            cr\u00e9er votre compte<\/p>\n<p>            se connecter<\/p>\n<p>        Fermer la fen\u00eatre de pr\u00e9sentation<\/p>\n<p>    Publi\u00e9 le 09\/08\/2025 07:42<\/p>\n<p>      Mis \u00e0 jour le 09\/08\/2025 09:43<\/p>\n<p>        Temps de lecture : 2min &#8211; vid\u00e9o : 2min<\/p>\n<p>    <img decoding=\"async\" class=\"francetv-player-wrapper__image\" alt=\"Occupation de Gaza : toll\u00e9 contre le plan d'Isra\u00ebl\"  width=\"432\" height=\"243\" src=\"https:\/\/www.europesays.com\/fr\/wp-content\/uploads\/2025\/08\/9-aout-plan-israel-6896df7bda772851635165.jpg\" fetchpriority=\"high\"\/><\/p>\n<p>              Occupation de Gaza : toll\u00e9 contre le plan d&rsquo;Isra\u00ebl<br \/>\n                    (Franceinfo)<\/p>\n<p>      2min<\/p>\n<p>\n  Alors que les Gazaouis souffrent, le cabinet de d\u00e9fense a d\u00e9cid\u00e9 d&rsquo;intensifier la guerre \u00e0 Gaza, en soumettant un plan pour occuper militairement toute l&rsquo;enclave.\n<\/p>\n<p>Nouvelle frappe isra\u00e9lienne et nouvelle destruction aujourd&rsquo;hui dans la ville de Gaza. Des habitants d\u00e9ambulent dans les d\u00e9combres, encore fumants, sachant que le pire est \u00e0 venir. Car ce matin, Isra\u00ebl a pris la d\u00e9cision d&rsquo;occuper militairement toute l&rsquo;enclave.<\/p>\n<p>22 mois de guerre et des Gazaouis \u00e9puis\u00e9s. Une famille a perdu sa maison et a d\u00e9j\u00e0 d\u00fb \u00eatre d\u00e9plac\u00e9e plus de 20 fois. Ils vivent de rien dans ces tentes et savent que si les soldats isra\u00e9liens prennent possession de leur ville, ils devront fuir \u00e0 nouveau.<\/p>\n<p>\u00ab\u00a0On n&rsquo;a pas besoin de \u00e7a. J&rsquo;ai pass\u00e9 toute la nuit tendue, je ne pouvais pas dormir. J&rsquo;avais peur de cette nouvelle et la d\u00e9cision est vraiment terrible pour nous\u00a0\u00bb, se d\u00e9sole-t-elle.<\/p>\n<p>La d\u00e9cision a \u00e9t\u00e9 prise ce matin \u00e0 J\u00e9rusalem, dans les bureaux du Premier ministre isra\u00e9lien Benyamin N\u00e9tanyahou. Apr\u00e8s dix heures de discussion, le cabinet de d\u00e9fense a d\u00e9cid\u00e9 d&rsquo;intensifier la guerre \u00e0 Gaza avec cinq objectifs : d\u00e9sarmement du Hamas, retour de tous les otages, d\u00e9militarisation de la bande de Gaza, contr\u00f4le s\u00e9curitaire isra\u00e9lien et mise en place d&rsquo;une administration civile alternative. L&rsquo;arm\u00e9e isra\u00e9lienne, occupant d\u00e9j\u00e0 75 % du petit territoire, va s&#8217;emparer de toute la bande de Gaza et prendre les villes de Derelbala, Nus\u00e9rat et Gaza, l\u00e0 o\u00f9 se trouveraient les otages enferm\u00e9s dans les tunnels du Hamas.<\/p>\n<p>Le Hamas a r\u00e9agi ce midi dans un communiqu\u00e9 sous forme de menace : \u00ab\u00a0Les plans de N\u00e9tanyahou confirment son d\u00e9sir de se d\u00e9barrasser des otages et de les sacrifier pour son agenda id\u00e9ologique extr\u00e9miste\u00a0\u00bb.<\/p>\n<p>Les familles d&rsquo;otages sont atterr\u00e9s par la d\u00e9cision de leur gouvernement. Pour eux, seule la fin de la guerre peut permettre le retour des 49 otages du 7 octobre 2023. \u00ab\u00a0C&rsquo;est horrible ce qu&rsquo;ils ont d\u00e9cid\u00e9. Les anciens otages racontent qu&rsquo;on leur mettait une arme sur la t\u00eate et on leur disait : si l&rsquo;arm\u00e9e isra\u00e9lienne arrive, on vous tue\u00a0\u00bb, raconte une personne.<\/p>\n<p>Ce projet de contr\u00f4le de Gaza est d\u00e9nonc\u00e9 unanimement \u00e0 l&rsquo;international, de l&rsquo;Union europ\u00e9enne \u00e0 la Chine. Pour les <a href=\"https:\/\/www.franceinfo.fr\/monde\/conflit-israel-iran\/direct-le-cabinet-de-benyamin-netanyahou-a-valide-un-plan-pour-permettre-la-prise-controle-de-la-ville-de-gaza-par-l-armee-israelienne_7424437.html\" target=\"_blank\" rel=\"noopener nofollow\">Nations unies<\/a>, c&rsquo;est une escalade dangereuse qui doit \u00eatre imm\u00e9diatement stopp\u00e9e.<\/p>\n","protected":false},"excerpt":{"rendered":"lire plus tard Pour sauvegarder cet article, connectez-vous ou cr\u00e9ez un compte franceinfo Sans paiement. Sans abonnement. Fermer&hellip;\n","protected":false},"author":2,"featured_media":307090,"comment_status":"","ping_status":"","sticky":false,"template":"","format":"standard","meta":{"footnotes":""},"categories":[1888],"tags":[1111,1928,11,1927,1777,674,1011,27,12,1926,626,1925,25],"class_list":{"0":"post-307089","1":"post","2":"type-post","3":"status-publish","4":"format-standard","5":"has-post-thumbnail","7":"category-paris","8":"tag-actu","9":"tag-actu-paris","10":"tag-actualites","11":"tag-actualites-paris","12":"tag-eu","13":"tag-europe","14":"tag-fr","15":"tag-france","16":"tag-news","17":"tag-news-paris","18":"tag-paris","19":"tag-paris-news","20":"tag-republique-francaise"},"share_on_mastodon":{"url":"https:\/\/pubeurope.com\/@fr\/114998284515538162","error":""},"_links":{"self":[{"href":"https:\/\/www.europesays.com\/fr\/wp-json\/wp\/v2\/posts\/307089","targetHints":{"allow":["GET"]}}],"collection":[{"href":"https:\/\/www.europesays.com\/fr\/wp-json\/wp\/v2\/posts"}],"about":[{"href":"https:\/\/www.europesays.com\/fr\/wp-json\/wp\/v2\/types\/post"}],"author":[{"embeddable":true,"href":"https:\/\/www.europesays.com\/fr\/wp-json\/wp\/v2\/users\/2"}],"replies":[{"embeddable":true,"href":"https:\/\/www.europesays.com\/fr\/wp-json\/wp\/v2\/comments?post=307089"}],"version-history":[{"count":0,"href":"https:\/\/www.europesays.com\/fr\/wp-json\/wp\/v2\/posts\/307089\/revisions"}],"wp:featuredmedia":[{"embeddable":true,"href":"https:\/\/www.europesays.com\/fr\/wp-json\/wp\/v2\/media\/307090"}],"wp:attachment":[{"href":"https:\/\/www.europesays.com\/fr\/wp-json\/wp\/v2\/media?parent=307089"}],"wp:term":[{"taxonomy":"category","embeddable":true,"href":"https:\/\/www.europesays.com\/fr\/wp-json\/wp\/v2\/categories?post=307089"},{"taxonomy":"post_tag","embeddable":true,"href":"https:\/\/www.europesays.com\/fr\/wp-json\/wp\/v2\/tags?post=307089"}],"curies":[{"name":"wp","href":"https:\/\/api.w.org\/{rel}","templated":true}]}}