{"id":307091,"date":"2025-08-09T10:15:26","date_gmt":"2025-08-09T10:15:26","guid":{"rendered":"https:\/\/www.europesays.com\/fr\/307091\/"},"modified":"2025-08-09T10:15:26","modified_gmt":"2025-08-09T10:15:26","slug":"25-millions-sur-la-table-le-paris-fc-recale-pour-une-ancienne-cible-de-lom","status":"publish","type":"post","link":"https:\/\/www.europesays.com\/fr\/307091\/","title":{"rendered":"25 millions sur la table, le Paris FC recal\u00e9 pour une ancienne cible de l&rsquo;OM"},"content":{"rendered":"<p><strong><\/p>\n<p>Cibl\u00e9 par l\u2019OM en d\u00e9but de mercato, Matthis Abline (22 ans) reste tr\u00e8s convoit\u00e9 en Ligue 1 comme \u00e0 l\u2019\u00e9tranger.<\/p>\n<p><\/strong><\/p>\n<p>Un temps annonc\u00e9 dans le viseur du club olympien, <strong>l\u2019attaquant nantais ne rejoindra finalement pas la cit\u00e9 phoc\u00e9enne cet \u00e9t\u00e9<\/strong> mais son avenir chez les Canaris reste tr\u00e8s incertain. Apr\u00e8s avoir d\u00e9j\u00e0 recrut\u00e9 Moses Simon, le Paris FC se verrait bien accueillir l\u2019ancien Rennais lors du mercato estival.<\/p>\n<p>Le club parisien a fait <strong>une offre de 25 millions d\u2019euros<\/strong>, imm\u00e9diatement refus\u00e9e par le FC Nantes selon L\u2019Equipe, RMC Sport et Le Parisien. Il y a quelques semaines,\u00a0le pr\u00e9sident Waldemar Kita avait \u00e9voqu\u00e9 <a href=\"https:\/\/www.footmarseille.com\/123763-kita-fixe-le-prix-dabline-a-50-millions-pour-lom\" rel=\"nofollow noopener\" target=\"_blank\">un potentiel prix de d\u00e9part de 50 millions d\u2019euros<\/a> au moment de l\u2019approche olympienne.<\/p>\n","protected":false},"excerpt":{"rendered":"Cibl\u00e9 par l\u2019OM en d\u00e9but de mercato, Matthis Abline (22 ans) reste tr\u00e8s convoit\u00e9 en Ligue 1 comme&hellip;\n","protected":false},"author":2,"featured_media":307092,"comment_status":"","ping_status":"","sticky":false,"template":"","format":"standard","meta":{"footnotes":""},"categories":[1888],"tags":[1111,1928,11,1927,1777,674,1011,27,12,1926,626,1925,25],"class_list":{"0":"post-307091","1":"post","2":"type-post","3":"status-publish","4":"format-standard","5":"has-post-thumbnail","7":"category-paris","8":"tag-actu","9":"tag-actu-paris","10":"tag-actualites","11":"tag-actualites-paris","12":"tag-eu","13":"tag-europe","14":"tag-fr","15":"tag-france","16":"tag-news","17":"tag-news-paris","18":"tag-paris","19":"tag-paris-news","20":"tag-republique-francaise"},"share_on_mastodon":{"url":"https:\/\/pubeurope.com\/@fr\/114998288358224879","error":""},"_links":{"self":[{"href":"https:\/\/www.europesays.com\/fr\/wp-json\/wp\/v2\/posts\/307091","targetHints":{"allow":["GET"]}}],"collection":[{"href":"https:\/\/www.europesays.com\/fr\/wp-json\/wp\/v2\/posts"}],"about":[{"href":"https:\/\/www.europesays.com\/fr\/wp-json\/wp\/v2\/types\/post"}],"author":[{"embeddable":true,"href":"https:\/\/www.europesays.com\/fr\/wp-json\/wp\/v2\/users\/2"}],"replies":[{"embeddable":true,"href":"https:\/\/www.europesays.com\/fr\/wp-json\/wp\/v2\/comments?post=307091"}],"version-history":[{"count":0,"href":"https:\/\/www.europesays.com\/fr\/wp-json\/wp\/v2\/posts\/307091\/revisions"}],"wp:featuredmedia":[{"embeddable":true,"href":"https:\/\/www.europesays.com\/fr\/wp-json\/wp\/v2\/media\/307092"}],"wp:attachment":[{"href":"https:\/\/www.europesays.com\/fr\/wp-json\/wp\/v2\/media?parent=307091"}],"wp:term":[{"taxonomy":"category","embeddable":true,"href":"https:\/\/www.europesays.com\/fr\/wp-json\/wp\/v2\/categories?post=307091"},{"taxonomy":"post_tag","embeddable":true,"href":"https:\/\/www.europesays.com\/fr\/wp-json\/wp\/v2\/tags?post=307091"}],"curies":[{"name":"wp","href":"https:\/\/api.w.org\/{rel}","templated":true}]}}