{"id":307097,"date":"2025-08-09T10:18:11","date_gmt":"2025-08-09T10:18:11","guid":{"rendered":"https:\/\/www.europesays.com\/fr\/307097\/"},"modified":"2025-08-09T10:18:11","modified_gmt":"2025-08-09T10:18:11","slug":"age-couleur-des-yeux-caractere-un-site-russe-propose-un-catalogue-denfants-ukrainiens-a-adopter","status":"publish","type":"post","link":"https:\/\/www.europesays.com\/fr\/307097\/","title":{"rendered":"\u00c2ge, couleur des yeux, caract\u00e8re&#8230; un site russe propose un \u00abcatalogue\u00bb d\u2019enfants ukrainiens \u00e0 adopter"},"content":{"rendered":"<p>Une ONG ukrainienne affirme que pr\u00e8s de 300 enfants sont recens\u00e9s, photographi\u00e9s et d\u00e9crits avec beaucoup de d\u00e9tails sur le site du minist\u00e8re de l\u2019\u00c9ducation de la R\u00e9publique populaire de Louhansk, en vue de les faire adopter par des familles russes.<\/p>\n<p class=\"fig-paragraph\">\u00abLa Russie ne cherche m\u00eame plus \u00e0 s\u2019en cacher. Elle pratique ouvertement le trafic d\u2019enfants ukrainiens.\u00bb C\u2019est ce qu\u2019affirme Mykola Kuleba, fondateur de l\u2019ONG Save Ukraine qui \u0153uvre \u00e0 rapatrier les enfants ukrainiens enlev\u00e9s par la Russie depuis sa premi\u00e8re invasion de l\u2019<a href=\"http:\/\/www.lefigaro.fr\/international\/guerre-en-ukraine-trump-evoque-un-echange-de-territoires-avec-la-russie-zelensky-promet-que-les-ukrainiens-n-abandonneront-pas-leur-terre-20250809\" target=\"_blank\" data-fig-type=\"NewsFlash\" rel=\"noopener\" data-gtm-custom-categorie=\"navigation\" data-gtm-custom-action=\"crossclick\" data-gtm-custom-label=\"Contextuel\" data-gtm-event=\"customEventSPE\" data-fig-domain=\"LEFIGARO\">Ukraine\u00a0<\/a>en 2014. Dans plusieurs publications sur ses r\u00e9seaux sociaux, le fondateur de l\u2019ONG d\u00e9clare, captures d\u2019\u00e9cran \u00e0 l\u2019appui, que 294 enfants entre 0 et 17 ans sont propos\u00e9s \u00e0 l\u2019adoption sur le site du minist\u00e8re de l\u2019\u00c9ducation et des Sciences de la R\u00e9publique populaire de\u00a0<a href=\"http:\/\/www.lefigaro.fr\/international\/en-ukraine-l-apre-bataille-pour-les-derniers-arpents-de-louhansk-le-reportage-de-l-envoye-special-du-figaro-20250107\" target=\"_blank\" data-fig-type=\"Article\" rel=\"noopener\" data-gtm-custom-categorie=\"navigation\" data-gtm-custom-action=\"crossclick\" data-gtm-custom-label=\"Contextuel\" data-gtm-event=\"customEventSPE\" data-fig-domain=\"LEFIGARO\">Louhansk<\/a>, r\u00e9gion ukrainienne occup\u00e9e depuis 2014 et dont l\u2019annexion a \u00e9t\u00e9 proclam\u00e9e par la\u00a0<a href=\"http:\/\/www.lefigaro.fr\/international\/coincee-entre-la-russie-et-la-chine-la-mongolie-veut-assurer-son-autonomie-veut-continuer-de-galoper-20250806\" target=\"_blank\" data-fig-type=\"Article\" rel=\"noopener\" data-gtm-custom-categorie=\"navigation\" data-gtm-custom-action=\"crossclick\" data-gtm-custom-label=\"Contextuel\" data-gtm-event=\"customEventSPE\" data-fig-domain=\"LEFIGARO\">Russie<\/a>\u00a0en septembre 2022.<\/p>\n<p class=\"fig-paragraph\">L\u2019objectif de ce site\u00a0: faire adopter par des familles russes ces enfants d\u00e9crits comme orphelins ou \u00abpriv\u00e9s de soins parentaux\u00bb. \u00abSur les plateformes officielles, les orphelins ukrainiens sont pr\u00e9sent\u00e9s comme des produits sur une place de march\u00e9 en ligne\u00bb, d\u00e9plore Mykola Kuleba. \u00abPhotos leur visage. \u00c2ge. Couleur des yeux. \u00c9tat de sant\u00e9. M\u00eame \u201cniveau d\u2019ob\u00e9issance\u201d\u00bb, d\u00e9crit-il.<\/p>\n<p>                                    <a class=\"fig-a11y-skip a11y-hidden\" href=\"#fig-a11y-skip-main-inarticle\"><br \/>\n        Passer la publicit\u00e9<br \/>\n    <\/a><\/p>\n<p class=\"fig-paragraph\">\u00abFiltrable. Triable. S\u00e9lectionnable. Ce n\u2019est pas de l\u2019empathie. C\u2019est un trafic d\u2019enfants sponsoris\u00e9 par l\u2019\u00c9tat\u00bb, accuse l\u2019humanitaire. Pour le fondateur de\u00a0<a href=\"https:\/\/www.saveukraineua.org\/page-news\/\" target=\"_blank\" rel=\"sponsored noopener\" data-gtm-custom-categorie=\"navigation\" data-gtm-custom-action=\"crossclick\" data-gtm-custom-label=\"Contextuel\" data-gtm-event=\"customEventSPE\">Save Ukraine<\/a>, ces enfants pourraient avoir perdu leurs parents pendant l\u2019invasion russe de l\u2019Ukraine ou leur avoir \u00e9t\u00e9 enlev\u00e9s lors d\u2019offensives. Il affirme que certains sont priv\u00e9s de leur identit\u00e9\u00a0: \u00abD\u00e9sormais, gr\u00e2ce \u00e0 une loi qui a \u00e9t\u00e9 mise \u00e0 jour, la Russie peut modifier leurs noms de famille et leurs dates de naissance.\u00bb Il conclut\u00a0: \u00abCe n\u2019est pas seulement ill\u00e9gal, c\u2019est un crime de guerre.\u00bb<\/p>\n<p>\u00abUn avenir radieux\u00a0!\u00bb<\/p>\n<p class=\"fig-paragraph\">Si ce site \u00abcatalogue\u00bb n\u2019a pu \u00eatre consult\u00e9 par Le Figaro, une boucle\u00a0<a href=\"https:\/\/t.me\/minobrlnr\/18043\" target=\"_blank\" rel=\"nofollow noopener\" data-gtm-custom-categorie=\"navigation\" data-gtm-custom-action=\"crossclick\" data-gtm-custom-label=\"Contextuel\" data-gtm-event=\"customEventSPE\">Telegram<\/a>\u00a0qui se d\u00e9crit comme \u00e9tant celle du minist\u00e8re de l\u2019\u00c9ducation et des Sciences de la R\u00e9publique populaire de Louhansk semble confirmer l\u2019accusation de Mykola Kuleba. \u00abLe minist\u00e8re de l\u2019\u00c9ducation et des Sciences de la LPR (R\u00e9publique populaire de Louhansk, NDLR) a cr\u00e9\u00e9 une base de donn\u00e9es r\u00e9gionale des enfants ayant besoin d\u2019une famille\u00bb, peut-on lire dans un message partag\u00e9 sur cette cha\u00eene, qui dirige vers le fameux site internet, dont l\u2019acc\u00e8s semble avoir \u00e9t\u00e9 bloqu\u00e9 en France. \u00abNous esp\u00e9rons que vous trouverez votre enfant ici et lui offrirez un avenir radieux\u00a0!\u00bb<\/p>\n<p class=\"fig-paragraph\">\u00c0 terme, la strat\u00e9gie du Kremlin serait\u00a0<a href=\"http:\/\/www.lefigaro.fr\/lefigaromagazine\/ils-les-enlevent-pour-leur-laver-le-cerveau-sur-le-front-l-enfance-bouleversee-des-enfants-ukrainiens-20250221\" data-fig-type=\"Article\" data-gtm-custom-categorie=\"navigation\" data-gtm-custom-action=\"crossclick\" data-gtm-custom-label=\"Contextuel\" data-gtm-event=\"customEventSPE\" data-fig-domain=\"LEFIGARO\" target=\"_blank\" rel=\"noopener\">d\u2019exposer ces enfants \u00e0 une propagande anti-ukrainienne<\/a>\u00a0et anti-occidentale. Plus de 19.500 enfants auraient \u00e9t\u00e9 enlev\u00e9s par la Russie depuis le d\u00e9but de la guerre, et seuls 1480 ont pu rentrer chez eux, selon un bilan \u00e9tabli par Kiev et partag\u00e9 par\u00a0<a href=\"https:\/\/kyivindependent.com\/russia-launches-catalogue-of-ukrainian-children-for-adoption-sorted-by-eye-and-hair-color\/\" target=\"_blank\" rel=\"sponsored noopener\" data-gtm-custom-categorie=\"navigation\" data-gtm-custom-action=\"crossclick\" data-gtm-custom-label=\"Contextuel\" data-gtm-event=\"customEventSPE\">The Kyiv Independent<\/a> .<\/p>\n<p class=\"fig-paragraph\">L\u2019enl\u00e8vement de masse d\u2019enfants ukrainiens par la Russie a valu \u00e0 Vladimir Poutine et sa commissaire \u00abaux droits des enfants\u00bb, Maria Lvova-Belova, une\u00a0<a href=\"https:\/\/www.lefigaro.fr\/international\/le-poignant-temoignage-des-enfants-ukrainiens-enleves-par-les-russes-20240214\" data-fig-type=\"Article\" data-gtm-custom-categorie=\"navigation\" data-gtm-custom-action=\"crossclick\" data-gtm-custom-label=\"Contextuel\" data-gtm-event=\"customEventSPE\" data-fig-domain=\"LEFIGARO\" target=\"_blank\" rel=\"noopener\">inculpation de la Cour p\u00e9nale internationale<\/a>, sous le chef d\u2019accusation de crimes de guerre.<\/p>\n","protected":false},"excerpt":{"rendered":"Une ONG ukrainienne affirme que pr\u00e8s de 300 enfants sont recens\u00e9s, photographi\u00e9s et d\u00e9crits avec beaucoup de d\u00e9tails&hellip;\n","protected":false},"author":2,"featured_media":307098,"comment_status":"","ping_status":"","sticky":false,"template":"","format":"standard","meta":{"footnotes":""},"categories":[1591],"tags":[11,1887,131,12,1885,1886,132],"class_list":{"0":"post-307097","1":"post","2":"type-post","3":"status-publish","4":"format-standard","5":"has-post-thumbnail","7":"category-russie","8":"tag-actualites","9":"tag-federation-de-russie","10":"tag-guerre-en-ukraine","11":"tag-news","12":"tag-russia","13":"tag-russian-federation","14":"tag-russie"},"share_on_mastodon":{"url":"https:\/\/pubeurope.com\/@fr\/114998300114021897","error":""},"_links":{"self":[{"href":"https:\/\/www.europesays.com\/fr\/wp-json\/wp\/v2\/posts\/307097","targetHints":{"allow":["GET"]}}],"collection":[{"href":"https:\/\/www.europesays.com\/fr\/wp-json\/wp\/v2\/posts"}],"about":[{"href":"https:\/\/www.europesays.com\/fr\/wp-json\/wp\/v2\/types\/post"}],"author":[{"embeddable":true,"href":"https:\/\/www.europesays.com\/fr\/wp-json\/wp\/v2\/users\/2"}],"replies":[{"embeddable":true,"href":"https:\/\/www.europesays.com\/fr\/wp-json\/wp\/v2\/comments?post=307097"}],"version-history":[{"count":0,"href":"https:\/\/www.europesays.com\/fr\/wp-json\/wp\/v2\/posts\/307097\/revisions"}],"wp:featuredmedia":[{"embeddable":true,"href":"https:\/\/www.europesays.com\/fr\/wp-json\/wp\/v2\/media\/307098"}],"wp:attachment":[{"href":"https:\/\/www.europesays.com\/fr\/wp-json\/wp\/v2\/media?parent=307097"}],"wp:term":[{"taxonomy":"category","embeddable":true,"href":"https:\/\/www.europesays.com\/fr\/wp-json\/wp\/v2\/categories?post=307097"},{"taxonomy":"post_tag","embeddable":true,"href":"https:\/\/www.europesays.com\/fr\/wp-json\/wp\/v2\/tags?post=307097"}],"curies":[{"name":"wp","href":"https:\/\/api.w.org\/{rel}","templated":true}]}}