{"id":307101,"date":"2025-08-09T10:20:27","date_gmt":"2025-08-09T10:20:27","guid":{"rendered":"https:\/\/www.europesays.com\/fr\/307101\/"},"modified":"2025-08-09T10:20:27","modified_gmt":"2025-08-09T10:20:27","slug":"lespagne-suspend-lachat-de-f35-americains-laffaire-fait-grand-bruit","status":"publish","type":"post","link":"https:\/\/www.europesays.com\/fr\/307101\/","title":{"rendered":"L&rsquo;Espagne suspend l&rsquo;achat de F35 am\u00e9ricains, l&rsquo;affaire fait grand bruit"},"content":{"rendered":"<p>Madrid a d\u00e9clench\u00e9 la fureur de Washington. Le 6 ao\u00fbt dernier, l\u2019Espagne a annonc\u00e9 l\u2019abandon d\u2019un contrat de <strong>6,25 milliards d\u2019euros<\/strong> pour l\u2019achat de <a href=\"https:\/\/www.capital.fr\/economie-politique\/la-suisse-pourrait-acheter-moins-de-f-35-americains-le-bras-de-fer-continue-1515805\" rel=\"nofollow noopener\" target=\"_blank\">F-35 am\u00e9ricains<\/a>, le chasseur de 5e g\u00e9n\u00e9ration produit par <strong>Lockheed Martin<\/strong>. Une d\u00e9cision qui marque un virage strat\u00e9gique vers l\u2019autonomie europ\u00e9enne, rapporte <a href=\"https:\/\/www.lepoint.fr\/monde\/pourquoi-l-espagne-renonce-au-f-35-et-declenche-la-colere-noire-de-washington-08-08-2025-2595979_24.php#International%20via%20@LePoint\" rel=\"nofollow noopener\" target=\"_blank\">Le Point<\/a> ce vendredi 8 ao\u00fbt. L\u2019Espagne r\u00e9oriente son effort de d\u00e9fense dans le cadre d\u2019un plan industriel de 10,5 milliards d\u2019euros, dont 85% seront investis dans des programmes europ\u00e9ens comme le futur <a href=\"https:\/\/www.capital.fr\/economie-politique\/dassault-emet-de-serieux-doutes-sur-le-projet-scaf-l-avion-de-combat-europeen-du-futur-1516475\" rel=\"nofollow noopener\" target=\"_blank\">SCAF<\/a> (Syst\u00e8me de combat a\u00e9rien du futur).<\/p>\n<p>La Marine espagnole, qui comptait sur le F-35 pour remplacer ses AV-8B Harrier, ainsi que l\u2019Arm\u00e9e de l\u2019air, en qu\u00eate d\u2019un successeur au F\/A-18 Hornet, vont devoir r\u00e9\u00e9valuer leurs options. Le <a href=\"https:\/\/www.capital.fr\/entreprises-marches\/le-rafale-francais-en-passe-de-seduire-l-irlande-les-dessous-d-un-marche-crucial-1516621\" rel=\"nofollow noopener\" target=\"_blank\">Rafale F5<\/a> de Dassault, certifi\u00e9 OTAN, s\u2019impose comme l\u2019une des principales alternatives envisag\u00e9es. Cette volte-face s\u2019inscrit dans un contexte tendu entre les Etats-Unis et l\u2019Espagne, apr\u00e8s le refus de cette derni\u00e8re d\u2019adh\u00e9rer \u00e0 l\u2019objectif de <strong>5% du PIB<\/strong> pour les d\u00e9penses militaires d\u2019ici 2035 fix\u00e9 par l\u2019OTAN. Le pr\u00e9sident am\u00e9ricain a publiquement critiqu\u00e9 cette d\u00e9cision et menac\u00e9 de revoir les relations commerciales.<\/p>\n<p>Madrid s\u2019aligne sur l\u2019Inde et d\u00e9fie Washington<\/p>\n<p>Ce refus a irrit\u00e9 le pr\u00e9sident am\u00e9ricain, qui aurait d\u00e9clar\u00e9, selon un quotidien espagnol : \u00abC\u2019est le seul pays qui a refus\u00e9, <strong>je trouve \u00e7a terrible<\/strong>.\u00bb En guise de repr\u00e9sailles, il a menac\u00e9 de durcir les conditions d\u2019un futur accord commercial avec l\u2019Espagne.<\/p>\n<p>En renon\u00e7ant au F-35, l\u2019Espagne suit l\u2019exemple de l\u2019Inde, qui a r\u00e9cemment d\u00e9clin\u00e9 la m\u00eame offre, et affirme sa volont\u00e9 de limiter sa d\u00e9pendance envers Washington. Elle entend ainsi pr\u00e9server une forme de souverainet\u00e9 en mati\u00e8re de d\u00e9fense, tout en maintenant ses engagements aupr\u00e8s de l\u2019OTAN, plafonn\u00e9s \u00e0 <strong>2% du PIB<\/strong>. A l\u2019instar de New Delhi, Madrid fait donc le pari de l\u2019autonomie strat\u00e9gique, quitte \u00e0 tendre ses relations avec certains alli\u00e9s.<\/p>\n","protected":false},"excerpt":{"rendered":"Madrid a d\u00e9clench\u00e9 la fureur de Washington. Le 6 ao\u00fbt dernier, l\u2019Espagne a annonc\u00e9 l\u2019abandon d\u2019un contrat de&hellip;\n","protected":false},"author":2,"featured_media":307102,"comment_status":"","ping_status":"","sticky":false,"template":"","format":"standard","meta":{"footnotes":""},"categories":[1589],"tags":[11,73,1866,12,1864,1865,1863,308],"class_list":{"0":"post-307101","1":"post","2":"type-post","3":"status-publish","4":"format-standard","5":"has-post-thumbnail","7":"category-etats-unis","8":"tag-actualites","9":"tag-etats-unis","10":"tag-etats-unis-damerique","11":"tag-news","12":"tag-united-states","13":"tag-united-states-of-america","14":"tag-us","15":"tag-usa"},"share_on_mastodon":{"url":"https:\/\/pubeurope.com\/@fr\/114998307955459240","error":""},"_links":{"self":[{"href":"https:\/\/www.europesays.com\/fr\/wp-json\/wp\/v2\/posts\/307101","targetHints":{"allow":["GET"]}}],"collection":[{"href":"https:\/\/www.europesays.com\/fr\/wp-json\/wp\/v2\/posts"}],"about":[{"href":"https:\/\/www.europesays.com\/fr\/wp-json\/wp\/v2\/types\/post"}],"author":[{"embeddable":true,"href":"https:\/\/www.europesays.com\/fr\/wp-json\/wp\/v2\/users\/2"}],"replies":[{"embeddable":true,"href":"https:\/\/www.europesays.com\/fr\/wp-json\/wp\/v2\/comments?post=307101"}],"version-history":[{"count":0,"href":"https:\/\/www.europesays.com\/fr\/wp-json\/wp\/v2\/posts\/307101\/revisions"}],"wp:featuredmedia":[{"embeddable":true,"href":"https:\/\/www.europesays.com\/fr\/wp-json\/wp\/v2\/media\/307102"}],"wp:attachment":[{"href":"https:\/\/www.europesays.com\/fr\/wp-json\/wp\/v2\/media?parent=307101"}],"wp:term":[{"taxonomy":"category","embeddable":true,"href":"https:\/\/www.europesays.com\/fr\/wp-json\/wp\/v2\/categories?post=307101"},{"taxonomy":"post_tag","embeddable":true,"href":"https:\/\/www.europesays.com\/fr\/wp-json\/wp\/v2\/tags?post=307101"}],"curies":[{"name":"wp","href":"https:\/\/api.w.org\/{rel}","templated":true}]}}