{"id":307107,"date":"2025-08-09T10:23:10","date_gmt":"2025-08-09T10:23:10","guid":{"rendered":"https:\/\/www.europesays.com\/fr\/307107\/"},"modified":"2025-08-09T10:23:10","modified_gmt":"2025-08-09T10:23:10","slug":"hautains-assez-radins-parlent-mal-anglais-quelle-place-occupent-les-touristes-francais-dans-le-coeur-de-leurs-voisins-europeens","status":"publish","type":"post","link":"https:\/\/www.europesays.com\/fr\/307107\/","title":{"rendered":"\u00abHautains\u00bb, \u00abassez radins\u00bb, \u00abparlent mal anglais\u00bb&#8230; Quelle place occupent les touristes fran\u00e7ais dans le c\u0153ur de leurs voisins europ\u00e9ens ?"},"content":{"rendered":"<p><strong>T\u00c9MOIGNAGES &#8211;<\/strong> Aim\u00e9s ou d\u00e9test\u00e9s\u00a0? Pr\u00e9tentieux ou g\u00e9n\u00e9reux\u00a0? Comment Espagnols, Italiens, Grecques ou encore les Islandais nous per\u00e7oivent-ils en voyage\u00a0? Le Figaro les a rencontr\u00e9s.<\/p>\n<p class=\"fig-paragraph\">Chaque \u00e9t\u00e9, plus de 60 % des Fran\u00e7ais partent en vacances, dont pr\u00e8s d\u2019un quart \u00e0 l\u2019\u00e9tranger. En 2023, plus de 700.000 visiteurs fran\u00e7ais ont sillonn\u00e9 l\u2019Italie en l\u2019espace de cinq semaines seulement, et plus de 600.000 se sont rendus en Espagne selon les chiffres du Routard. Pourtant, derri\u00e8re cette pr\u00e9sence massive sur les plages, dans les mus\u00e9es ou sur les sentiers europ\u00e9ens, l\u2019image du touriste fran\u00e7ais demeure complexe et parfois contradictoire. Qu\u2019en pensent r\u00e9ellement nos voisins europ\u00e9ens\u00a0? Leurs regards oscillent entre admiration, irritation, voire rejet, selon les pays, les contextes et les profils de voyageurs.<\/p>\n<p class=\"fig-paragraph\">Pour comprendre ces variations, Le Figaro a recueilli une trentaine de t\u00e9moignages d\u2019Europ\u00e9ens, et a interview\u00e9 Bertrand R\u00e9au, sociologue du Conservatoire national des arts et des m\u00e9tiers (CNAM), et titulaire de la Chaire \u00abTourisme voyage loisirs\u00bb. Une constante surprenante se d\u00e9gage\u00a0: plus un pays est proche de la France, plus les jugements sur les touristes fran\u00e7ais\u2026<\/p>\n<p class=\"fig-premium-paywall__infos\">\n        Cet article est r\u00e9serv\u00e9 aux abonn\u00e9s.        Il vous reste 86% \u00e0 d\u00e9couvrir.\n    <\/p>\n<p>                <img  data- alt=\"Le Figaro\" class=\"fig-img--complete fig-img\"\/><\/p>\n<p class=\"fig-premium-paywall__title\">Vous avez envie de lire la suite ?<\/p>\n<p class=\"fig-premium-paywall__subtitle\">D\u00e9bloquez tous les articles imm\u00e9diatement.<\/p>\n<p class=\"fig-premium-paywall__connect\">\n                D\u00e9j\u00e0 abonn\u00e9\u00a0?                <a class=\"fig-premium-paywall__connect-link\" href=\"https:\/\/connect.lefigaro.fr\/login?client=horizon_web&amp;type=main&amp;redirect_uri=https%3A%2F%2Fwww.lefigaro.fr%2Factualite-france%2Fhautains-assez-radins-parlent-mal-anglais-quelle-place-occupent-les-touristes-francais-dans-le-coeur-de-leurs-voisins-europeens-20250809\" data-js-gtm=\"{&quot;customCategorie&quot;: &quot;conversion&quot;, &quot;customAction&quot;: &quot;before_Landing_Connexion_paywall_auto&quot;, &quot;customLabel&quot;: &quot;bGVmaWdhcm8uZnJfXzFmMDYzYmY0LTg2OTAtNjgyMi04NTUwLTFkOGZkN2ExZWU4NF9fQXJ0aWNsZQ==_\u00abHautains\u00bb, \u00abassez radins\u00bb, \u00abparlent mal anglais\u00bb... Quelle place occupent les touristes fran\u00e7ais dans le c\u0153ur de leurs voisins europ\u00e9ens\u00a0?_367&quot;, &quot;customIDSPE&quot;: &quot;bGVmaWdhcm8uZnJfXzFmMDYzYmY0LTg2OTAtNjgyMi04NTUwLTFkOGZkN2ExZWU4NF9fQXJ0aWNsZQ==&quot;, &quot;event&quot;: &quot;customEventSPE&quot;}\" target=\"_blank\" rel=\"noopener\"><br \/>\n                    Connectez-vous<br \/>\n                <\/a>\n            <\/p>\n","protected":false},"excerpt":{"rendered":"T\u00c9MOIGNAGES &#8211; Aim\u00e9s ou d\u00e9test\u00e9s\u00a0? Pr\u00e9tentieux ou g\u00e9n\u00e9reux\u00a0? Comment Espagnols, Italiens, Grecques ou encore les Islandais nous per\u00e7oivent-ils&hellip;\n","protected":false},"author":2,"featured_media":307108,"comment_status":"","ping_status":"","sticky":false,"template":"","format":"standard","meta":{"footnotes":""},"categories":[1586],"tags":[11,1777,674,1011,27,12,25,21030],"class_list":{"0":"post-307107","1":"post","2":"type-post","3":"status-publish","4":"format-standard","5":"has-post-thumbnail","7":"category-europe","8":"tag-actualites","9":"tag-eu","10":"tag-europe","11":"tag-fr","12":"tag-france","13":"tag-news","14":"tag-republique-francaise","15":"tag-touristes"},"share_on_mastodon":{"url":"https:\/\/pubeurope.com\/@fr\/114998319887890767","error":""},"_links":{"self":[{"href":"https:\/\/www.europesays.com\/fr\/wp-json\/wp\/v2\/posts\/307107","targetHints":{"allow":["GET"]}}],"collection":[{"href":"https:\/\/www.europesays.com\/fr\/wp-json\/wp\/v2\/posts"}],"about":[{"href":"https:\/\/www.europesays.com\/fr\/wp-json\/wp\/v2\/types\/post"}],"author":[{"embeddable":true,"href":"https:\/\/www.europesays.com\/fr\/wp-json\/wp\/v2\/users\/2"}],"replies":[{"embeddable":true,"href":"https:\/\/www.europesays.com\/fr\/wp-json\/wp\/v2\/comments?post=307107"}],"version-history":[{"count":0,"href":"https:\/\/www.europesays.com\/fr\/wp-json\/wp\/v2\/posts\/307107\/revisions"}],"wp:featuredmedia":[{"embeddable":true,"href":"https:\/\/www.europesays.com\/fr\/wp-json\/wp\/v2\/media\/307108"}],"wp:attachment":[{"href":"https:\/\/www.europesays.com\/fr\/wp-json\/wp\/v2\/media?parent=307107"}],"wp:term":[{"taxonomy":"category","embeddable":true,"href":"https:\/\/www.europesays.com\/fr\/wp-json\/wp\/v2\/categories?post=307107"},{"taxonomy":"post_tag","embeddable":true,"href":"https:\/\/www.europesays.com\/fr\/wp-json\/wp\/v2\/tags?post=307107"}],"curies":[{"name":"wp","href":"https:\/\/api.w.org\/{rel}","templated":true}]}}