{"id":307127,"date":"2025-08-09T10:37:10","date_gmt":"2025-08-09T10:37:10","guid":{"rendered":"https:\/\/www.europesays.com\/fr\/307127\/"},"modified":"2025-08-09T10:37:10","modified_gmt":"2025-08-09T10:37:10","slug":"ma-page-facebook-me-degoute-yseult-menace-de-disparaitre","status":"publish","type":"post","link":"https:\/\/www.europesays.com\/fr\/307127\/","title":{"rendered":"\u00ab\u00a0Ma page Facebook me d\u00e9go\u00fbte\u00a0\u00bb : Yseult menace de dispara\u00eetre"},"content":{"rendered":"<p>\u00catre remplie d\u2019\u00e9nergie peut visiblement entra\u00eener de nombreuses critiques\u2026 <a href=\"https:\/\/www.public.fr\/etouffez-vous-yseult-estime-que-la-france-ne-la-merite-pas-et-souhaite-sexporter-aux-etats-unis\" rel=\"nofollow noopener\" target=\"_blank\">Yseult en fait les frais<\/a> \u00e0 ses d\u00e9pens. En effet, la chanteuse fran\u00e7aise vient de pousser un violent coup de gueule sur sa page Facebook, agac\u00e9e et \u00e9puis\u00e9e par les critiques \u00e0 son \u00e9gard.\u00a0<\/p>\n<p>Si <a href=\"https:\/\/vsd.fr\/73661-masturbez-vous-cest-mieux-yseult-se-lache-et-choque-anne-elisabeth-lemoine\/\" rel=\"nofollow noopener\" target=\"_blank\">l\u2019artiste de 30 ans<\/a> a pris la parole, c\u2019est parce qu\u2019elle a subi de violents tacles suite \u00e0 une vid\u00e9o publi\u00e9e en juillet. Dans ladite vid\u00e9o, <a href=\"https:\/\/www.public.fr\/yseult-fachee-contre-la-france-une-chroniqueuse-de-cyril-hanouna-lui-propose-de-financer-son-depart\" rel=\"nofollow noopener\" target=\"_blank\">l\u2019interpr\u00e8te de <strong>\u00ab\u00a0Corps\u00a0\u00bb<\/strong><\/a> se d\u00e9chaine sur sc\u00e8ne, avec son \u00e9nergie d\u00e9bordante qu\u2019on lui conna\u00eet. Visiblement, cette joie de vivre et cette \u00e9nergie n\u2019ont pas enchant\u00e9 les haters.\u00a0<\/p>\n<p>Yseult, violemment insult\u00e9e par ses d\u00e9tracteurs<\/p>\n<p>\u00ab\u00a0<strong>Elle a morfl\u00e9 Beyonc\u00e9\u00a0\u00bb, \u00ab\u00a0C\u2019est quoi ce truc horrible\u00a0\u00bb,<\/strong> \u00ab\u00a0Une vision d\u2019horreur\u00a0\u00bb, \u00ab\u00a0De la grosse daube cette musique\u00a0\u00bb, \u00ab\u00a0Au secours\u00a0\u00bb, \u00ab\u00a0T\u2019as vraiment pas de miroir chez toi ???\u00a0\u00bb, \u00ab\u00a0J\u2019esp\u00e8re que la sc\u00e8ne est solide\u00a0\u00bb, ont \u00e9crit nombre de d\u00e9tracteurs sous la publication d\u2019Yseult comme le soulignent nos confr\u00e8res de Purecharts.\u00a0<\/p>\n<p>Des commentaires visant directement le physique de la chanteuse, comme trop souvent, qui a bien \u00e9videmment \u00e9c\u0153ur\u00e9 la principale int\u00e9ress\u00e9e. Celle-ci, agac\u00e9e, <strong>a souhait\u00e9 pousser un coup de gueule<\/strong> pour d\u00e9noncer les critiques dont elle fait l\u2019objet depuis trop longtemps.<\/p>\n<p>La chanteuse pousse un coup de gueule pour d\u00e9noncer la situation<\/p>\n<p>\u00ab\u00a0<strong>Ma page Facebook me d\u00e9go\u00fbte<\/strong>. Les commentaires racistes, grossophobes et haineux que je lis ici n&rsquo;ont aucune place sur mes plateformes. J&rsquo;ai d\u00e9j\u00e0 d\u00e9nonc\u00e9 ce type de comportements \u00e0 plusieurs reprises et chaque fois, les m\u00e9dias fran\u00e7ais ont retourn\u00e9 ma parole pour la pr\u00e9senter comme de la victimisation\u00a0\u00bb, regrette en effet Yseult.\u00a0<\/p>\n<p>La principale int\u00e9ress\u00e9e regrette que, en d\u00e9non\u00e7ant la situation, elle se fasse \u00e0 nouveau critiquer et re\u00e7oive \u00ab\u00a0une vague d&rsquo;insultes, de harc\u00e8lement et m\u00eame de menaces de mort\u00a0\u00bb. \u00ab\u00a0Je suis fatigu\u00e9e de cette violence constante.\u00a0Vos commentaires me r\u00e9pugnent. Je ne suis pas votre d\u00e9fouloir. Je suis une artiste, une femme libre et je m\u00e9rite le respect\u00a0\u00bb, se d\u00e9fend l\u2019interpr\u00e8te de <strong>\u00ab\u00a0Corps\u00a0\u00bb.<\/strong><\/p>\n<p>Face \u00e0 la situation, Yseult envisage de prendre une d\u00e9cision radicale afin de freiner le torrent de haine auquel elle fait face, voire le stopper compl\u00e8tement :<strong> \u00ab\u00a0Je r\u00e9fl\u00e9chis tr\u00e8s s\u00e9rieusement \u00e0 supprimer cette page\u00a0\u00bb.<\/strong> En esp\u00e9rant que la jeune artiste n\u2019ait pas besoin d\u2019en arriver l\u00e0.\u00a0<\/p>\n<p>      Mentionn\u00e9s dans cet article<\/p>\n<p>      Sur le m\u00eame sujet<\/p>\n","protected":false},"excerpt":{"rendered":"\u00catre remplie d\u2019\u00e9nergie peut visiblement entra\u00eener de nombreuses critiques\u2026 Yseult en fait les frais \u00e0 ses d\u00e9pens. En&hellip;\n","protected":false},"author":2,"featured_media":307128,"comment_status":"","ping_status":"","sticky":false,"template":"","format":"standard","meta":{"footnotes":""},"categories":[1359],"tags":[58,59,4688,1011,27,44767,973,10162,31990],"class_list":{"0":"post-307127","1":"post","2":"type-post","3":"status-publish","4":"format-standard","5":"has-post-thumbnail","7":"category-people","8":"tag-divertissement","9":"tag-entertainment","10":"tag-facebook","11":"tag-fr","12":"tag-france","13":"tag-grossophobie","14":"tag-people","15":"tag-racisme","16":"tag-yseult"},"share_on_mastodon":{"url":"https:\/\/pubeurope.com\/@fr\/114998374750579431","error":""},"_links":{"self":[{"href":"https:\/\/www.europesays.com\/fr\/wp-json\/wp\/v2\/posts\/307127","targetHints":{"allow":["GET"]}}],"collection":[{"href":"https:\/\/www.europesays.com\/fr\/wp-json\/wp\/v2\/posts"}],"about":[{"href":"https:\/\/www.europesays.com\/fr\/wp-json\/wp\/v2\/types\/post"}],"author":[{"embeddable":true,"href":"https:\/\/www.europesays.com\/fr\/wp-json\/wp\/v2\/users\/2"}],"replies":[{"embeddable":true,"href":"https:\/\/www.europesays.com\/fr\/wp-json\/wp\/v2\/comments?post=307127"}],"version-history":[{"count":0,"href":"https:\/\/www.europesays.com\/fr\/wp-json\/wp\/v2\/posts\/307127\/revisions"}],"wp:featuredmedia":[{"embeddable":true,"href":"https:\/\/www.europesays.com\/fr\/wp-json\/wp\/v2\/media\/307128"}],"wp:attachment":[{"href":"https:\/\/www.europesays.com\/fr\/wp-json\/wp\/v2\/media?parent=307127"}],"wp:term":[{"taxonomy":"category","embeddable":true,"href":"https:\/\/www.europesays.com\/fr\/wp-json\/wp\/v2\/categories?post=307127"},{"taxonomy":"post_tag","embeddable":true,"href":"https:\/\/www.europesays.com\/fr\/wp-json\/wp\/v2\/tags?post=307127"}],"curies":[{"name":"wp","href":"https:\/\/api.w.org\/{rel}","templated":true}]}}