{"id":30714,"date":"2025-04-17T03:46:09","date_gmt":"2025-04-17T03:46:09","guid":{"rendered":"https:\/\/www.europesays.com\/fr\/30714\/"},"modified":"2025-04-17T03:46:09","modified_gmt":"2025-04-17T03:46:09","slug":"associe-au-psg-rodrigo-mora-en-passe-prolonger","status":"publish","type":"post","link":"https:\/\/www.europesays.com\/fr\/30714\/","title":{"rendered":"Associ\u00e9 au PSG, Rodrigo Mora en passe prolonger&#8230;"},"content":{"rendered":"<p><img width=\"780\" height=\"470\" src=\"https:\/\/www.europesays.com\/fr\/wp-content\/uploads\/2025\/04\/29d67971-d345-4679-aeac-1e61b1fa4b7e-780x470.webp.webp\" class=\"attachment-jannah-image-post size-jannah-image-post wp-post-image\" alt=\"Rodrigo Mora\" is_main_img=\"1\" decoding=\"async\" fetchpriority=\"high\"\/><\/p>\n<p>La rumeur est n\u00e9e, a \u00e9t\u00e9 d\u00e9menti, mais le dossier<br \/>\n<strong>Rodrigo Mora<\/strong> au <strong>PSG<\/strong> continue de<br \/>\nfaire couler de l\u2019encre. S\u2019il est envoy\u00e9 sous les cieux parisiens<br \/>\npar les m\u00e9dias portugais, une prolongation avec le <strong>FC<br \/>\nPorto<\/strong> serait en passe d\u2019\u00eatre sign\u00e9e.<\/p>\n<p>Le <strong>PSG<\/strong> semble pr\u00e9parer le prochain mercato<br \/>\nestival avec la volont\u00e9 de renforcer son groupe et continuer sa<br \/>\npolitique de recrutement qui vise de jeunes profils \u00e0 fort<br \/>\npotentiel. Ainsi, le nom de <strong>Rodrigo Mora<\/strong> a \u00e9t\u00e9<br \/>\nassoci\u00e9 au club de la capitale dans les colonnes du quotidien<br \/>\nlusitanien, <a href=\"https:\/\/canal-supporters.com\/mercato-luis-campos-cible-bien-rodrigo-mora-pour-le-psg\/\" target=\"_blank\" rel=\"noopener\"><br \/>\nA Bola<\/a>. Ces derniers ont \u00e9voqu\u00e9 ces derniers jours la<br \/>\nvolont\u00e9 de <strong><a href=\"https:\/\/canal-supporters.com\/mercato-luis-campos-dement-la-rumeur-rodrigo-mora\/\" target=\"_blank\" rel=\"noopener\"><br \/>\nLuis Campos<\/a><\/strong> d\u2019attirer la jeune p\u00e9pite portugaise de 17<br \/>\nans. Cependant, quelques heures apr\u00e8s cette information parue dans<br \/>\nson pays d\u2019origine, le directeur sportif du <strong>Paris<br \/>\nSaint-Germain<\/strong> a d\u00e9menti fermement : \u00ab\u00a0Cette<br \/>\nrumeur est compl\u00e8tement fausse. \u00c0\u00a0Paris, We<br \/>\nlove\u00a0Mayulu\u00ab\u00a0, avait-il d\u00e9clar\u00e9 ce lundi, en<br \/>\nr\u00e9pondant \u00e0 une question d\u2019<strong>Olivier Tallaron<\/strong>,<br \/>\njournaliste pour Canal +. Nos confr\u00e8res Portugais<br \/>\n\u00e9voquaient \u00e9galement la volont\u00e9 du <strong>FC Porto<\/strong> de<br \/>\nfaire prolonger le contrat de leur milieu offensif afin de faire<br \/>\npasser la clause lib\u00e9ratoire de 67,5 millions d\u2019euros, \u00e0 un montant<br \/>\nsup\u00e9rieur, sans pour autant d\u00e9passer les 100 millions d\u2019euros. Et<br \/>\nles pourparlers entre le joueur et son club formateur semblent bien<br \/>\nse d\u00e9rouler selon <strong><a href=\"https:\/\/x.com\/Santi_J_FM\/status\/1912483552593133893\">Santi<br \/>\nAouna<\/a><\/strong>, journaliste pour Foot Mercato.<\/p>\n<p>En effet, ce dernier \u00e9voque le dossier <strong>Rodrigo<br \/>\nMora<\/strong> ce mercredi, et affirme qu\u2019un nouveau contrat sera<br \/>\nsign\u00e9 : \u00ab\u00a0Tous les documents ont \u00e9t\u00e9 v\u00e9rifi\u00e9s et approuv\u00e9s<br \/>\ndu c\u00f4t\u00e9 du club et du joueur\u00ab\u00a0. Ainsi, le joueur que<br \/>\nciblerait le <strong>Paris Saint-Germain<\/strong> serait li\u00e9 au<br \/>\n<strong>FC Porto<\/strong> jusqu\u2019en 2030, et une clause de 100M\u20ac<br \/>\nserait associ\u00e9e \u00e0 son nouveau contrat. Dans ce contexte, si le<br \/>\n<strong>PSG<\/strong> souhaite r\u00e9ellement passer \u00e0 l\u2019attaque dans<br \/>\nles prochains mois pour <strong>Rodrigo Mora<\/strong>, il sait plus<br \/>\nou moins \u00e0 quoi s\u2019attendre.<\/p>\n<\/p>\n<p>YouTube : <a href=\"https:\/\/www.youtube.com\/watch?v=QGVEjcrA8gw\" target=\"_blank\" rel=\"noopener\">Canal Supporters<br \/>\nParis<\/a><\/p>\n","protected":false},"excerpt":{"rendered":"La rumeur est n\u00e9e, a \u00e9t\u00e9 d\u00e9menti, mais le dossier Rodrigo Mora au PSG continue de faire couler&hellip;\n","protected":false},"author":2,"featured_media":30715,"comment_status":"","ping_status":"","sticky":false,"template":"","format":"standard","meta":{"footnotes":""},"categories":[1410],"tags":[81,10552,63,1011,27,1434,10553,10554,10555,1435,10556,10557,10558,91,92,93,60,96],"class_list":{"0":"post-30714","1":"post","2":"type-post","3":"status-publish","4":"format-standard","5":"has-post-thumbnail","7":"category-football","8":"tag-canal-supporters","9":"tag-fc-porto","10":"tag-football","11":"tag-fr","12":"tag-france","13":"tag-mercato","14":"tag-mercato-2025","15":"tag-mercato-du-psg","16":"tag-mercato-parisien","17":"tag-mercato-psg","18":"tag-mora","19":"tag-mora-fc-porto","20":"tag-mora-psg","21":"tag-paris-saint-germain","22":"tag-paris-sg","23":"tag-psg","24":"tag-sports","25":"tag-une"},"share_on_mastodon":{"url":"https:\/\/pubeurope.com\/@fr\/114351255277896271","error":""},"_links":{"self":[{"href":"https:\/\/www.europesays.com\/fr\/wp-json\/wp\/v2\/posts\/30714","targetHints":{"allow":["GET"]}}],"collection":[{"href":"https:\/\/www.europesays.com\/fr\/wp-json\/wp\/v2\/posts"}],"about":[{"href":"https:\/\/www.europesays.com\/fr\/wp-json\/wp\/v2\/types\/post"}],"author":[{"embeddable":true,"href":"https:\/\/www.europesays.com\/fr\/wp-json\/wp\/v2\/users\/2"}],"replies":[{"embeddable":true,"href":"https:\/\/www.europesays.com\/fr\/wp-json\/wp\/v2\/comments?post=30714"}],"version-history":[{"count":0,"href":"https:\/\/www.europesays.com\/fr\/wp-json\/wp\/v2\/posts\/30714\/revisions"}],"wp:featuredmedia":[{"embeddable":true,"href":"https:\/\/www.europesays.com\/fr\/wp-json\/wp\/v2\/media\/30715"}],"wp:attachment":[{"href":"https:\/\/www.europesays.com\/fr\/wp-json\/wp\/v2\/media?parent=30714"}],"wp:term":[{"taxonomy":"category","embeddable":true,"href":"https:\/\/www.europesays.com\/fr\/wp-json\/wp\/v2\/categories?post=30714"},{"taxonomy":"post_tag","embeddable":true,"href":"https:\/\/www.europesays.com\/fr\/wp-json\/wp\/v2\/tags?post=30714"}],"curies":[{"name":"wp","href":"https:\/\/api.w.org\/{rel}","templated":true}]}}