{"id":307143,"date":"2025-08-09T10:45:10","date_gmt":"2025-08-09T10:45:10","guid":{"rendered":"https:\/\/www.europesays.com\/fr\/307143\/"},"modified":"2025-08-09T10:45:10","modified_gmt":"2025-08-09T10:45:10","slug":"la-jeunesse-foudroyee-de-francoise-dorleac-actrice-iconique-des-demoiselles-de-rochefort-dont-la-disparition-a-bouleverse-le-cinema-francais","status":"publish","type":"post","link":"https:\/\/www.europesays.com\/fr\/307143\/","title":{"rendered":"La jeunesse foudroy\u00e9e de Fran\u00e7oise Dorl\u00e9ac, actrice iconique des Demoiselles de Rochefort dont la disparition a boulevers\u00e9 le cin\u00e9ma fran\u00e7ais"},"content":{"rendered":"<p data-module=\"fig-standfirst-editorial-episode\" data-context=\"@media (min-width:48em)\">Chaque jour, Le Figaro raconte l\u2019accident de voiture fatal d\u2019une c\u00e9l\u00e9brit\u00e9. Aujourd\u2019hui, l\u2019histoire de l\u2019actrice dont la Renault\u00a08 rouge a d\u00e9rap\u00e9 le 26\u00a0juin 1967 sur une chauss\u00e9e glissante de la route de l\u2019Est\u00e9rel.<\/p>\n<p class=\"fig-paragraph\">\u00ab\u00a0Je me trouvais sur la bretelle de raccordement qui m\u00e8ne \u00e0\u00a0<a href=\"http:\/\/www.lefigaro.fr\/nice\/deux-personnes-gravement-blessees-par-balles-a-cagnes-sur-mer-20240927\" data-fig-type=\"NewsFlash\" data-gtm-custom-categorie=\"navigation\" data-gtm-custom-action=\"crossclick\" data-gtm-custom-label=\"Contextuel\" data-gtm-event=\"customEventSPE\" data-fig-domain=\"LEFIGARO\" target=\"_blank\" rel=\"noopener\">Cagnes-sur-Mer<\/a> . Une voiture conduite par une femme me demanda le passage, me doubla \u00e0 vive allure et, en se rabattant trop brutalement, d\u00e9rapa. La conductrice freina sur la chauss\u00e9e rendue glissante par la pluie fine qui tombait. L\u2019auto traversa toute la route et heurta avec violence un poteau en b\u00e9ton. La R8 prit feu aussit\u00f4t\u00a0\u00bb, d\u00e9clare Roger Guilliano. Son t\u00e9moignage est relat\u00e9 dans Le Figaro deux jours apr\u00e8s la trag\u00e9die. Il fut impossible de sortir la jeune femme de sa petite auto rouge qu\u2019elle avait lou\u00e9e. Un carnet de ch\u00e8que \u00e0 demi calcin\u00e9, un petit agenda de poche et un permis de conduire permirent d\u2019identifier\u00a0<a href=\"http:\/\/madame.lefigaro.fr\/celebrites\/actu-people\/en-video-catherine-deneuve-bouleversee-evoque-la-disparition-de-sa-soeur-francoise-dorleac-ca-ne-me-quittera-jamais-20230926\" data-fig-type=\"Article\" data-gtm-custom-categorie=\"navigation\" data-gtm-custom-action=\"crossclick\" data-gtm-custom-label=\"Contextuel\" data-gtm-event=\"customEventSPE\" data-fig-domain=\"MADAME\" target=\"_blank\" rel=\"noopener\">Fran\u00e7oise Dorl\u00e9ac<\/a>.<\/p>\n<p class=\"fig-paragraph fig-paragraph--dropped\">Ce 26\u00a0juin 1967, la com\u00e9dienne roule vers l\u2019a\u00e9roport de Nice pour prendre la Caravelle qui doit s\u2019envoler pour Orly \u00e0 19\u00a0heures\u00a020. Elle est press\u00e9e, elle va rejoindre son amoureux. Selon une autre version, elle se rendait \u00e0 Paris pour reprendre un vol en direction de Londres, o\u00f9 le film\u00a0<a href=\"https:\/\/www.lefigaro.fr\/sortir-paris\/les-demoiselles-de-rochefort-un-cine-karaoke-geant-au-grand-rex-20220315\" data-fig-type=\"Article\" data-gtm-custom-categorie=\"navigation\" data-gtm-custom-action=\"crossclick\" data-gtm-custom-label=\"Contextuel\" data-gtm-event=\"customEventSPE\" data-fig-domain=\"LEFIGARO\" target=\"_blank\" rel=\"noopener\">Les\u2026<\/a><\/p>\n<p class=\"fig-premium-paywall__infos\">\n        Cet article est r\u00e9serv\u00e9 aux abonn\u00e9s.        Il vous reste 89% \u00e0 d\u00e9couvrir.\n    <\/p>\n<p>                <img  data- alt=\"Le Figaro\" class=\"fig-img--complete fig-img\"\/><\/p>\n<p class=\"fig-premium-paywall__title\">Vous avez envie de lire la suite ?<\/p>\n<p class=\"fig-premium-paywall__subtitle\">D\u00e9bloquez tous les articles imm\u00e9diatement.<\/p>\n<p class=\"fig-premium-paywall__connect\">\n                D\u00e9j\u00e0 abonn\u00e9\u00a0?                <a class=\"fig-premium-paywall__connect-link\" href=\"https:\/\/connect.lefigaro.fr\/login?client=horizon_web&amp;type=main&amp;redirect_uri=https%3A%2F%2Fwww.lefigaro.fr%2Fautomobile%2Fla-jeunesse-foudroyee-de-francoise-dorleac-actrice-iconique-des-demoiselles-de-rochefort-dont-la-disparition-bouleverse-le-cinema-francais-20250809\" data-js-gtm=\"{&quot;customCategorie&quot;: &quot;conversion&quot;, &quot;customAction&quot;: &quot;before_Landing_Connexion_paywall_auto&quot;, &quot;customLabel&quot;: &quot;bGVmaWdhcm8uZnJfXzFmMDViMjcwLTEyOTAtNjIwYS1iMGIzLWUzOGEwMzY2ZDM1ZF9fQXJ0aWNsZQ==_La jeunesse foudroy\u00e9e de Fran\u00e7oise Dorl\u00e9ac, actrice iconique &lt;i&gt;des Demoiselles de Rochefort&lt;\/i&gt; dont la disparition a boulevers\u00e9 le cin\u00e9ma fran\u00e7ais_291&quot;, &quot;customIDSPE&quot;: &quot;bGVmaWdhcm8uZnJfXzFmMDViMjcwLTEyOTAtNjIwYS1iMGIzLWUzOGEwMzY2ZDM1ZF9fQXJ0aWNsZQ==&quot;, &quot;event&quot;: &quot;customEventSPE&quot;}\" target=\"_blank\" rel=\"noopener\"><br \/>\n                    Connectez-vous<br \/>\n                <\/a>\n            <\/p>\n","protected":false},"excerpt":{"rendered":"Chaque jour, Le Figaro raconte l\u2019accident de voiture fatal d\u2019une c\u00e9l\u00e9brit\u00e9. Aujourd\u2019hui, l\u2019histoire de l\u2019actrice dont la Renault\u00a08&hellip;\n","protected":false},"author":2,"featured_media":307144,"comment_status":"","ping_status":"","sticky":false,"template":"","format":"standard","meta":{"footnotes":""},"categories":[8],"tags":[4376,253,58,59,1011,27,44768,6027],"class_list":{"0":"post-307143","1":"post","2":"type-post","3":"status-publish","4":"format-standard","5":"has-post-thumbnail","7":"category-divertissement","8":"tag-accident-de-la-route","9":"tag-acteur","10":"tag-divertissement","11":"tag-entertainment","12":"tag-fr","13":"tag-france","14":"tag-francoise-dorleac","15":"tag-porsche"},"share_on_mastodon":{"url":"https:\/\/pubeurope.com\/@fr\/114998406292150689","error":""},"_links":{"self":[{"href":"https:\/\/www.europesays.com\/fr\/wp-json\/wp\/v2\/posts\/307143","targetHints":{"allow":["GET"]}}],"collection":[{"href":"https:\/\/www.europesays.com\/fr\/wp-json\/wp\/v2\/posts"}],"about":[{"href":"https:\/\/www.europesays.com\/fr\/wp-json\/wp\/v2\/types\/post"}],"author":[{"embeddable":true,"href":"https:\/\/www.europesays.com\/fr\/wp-json\/wp\/v2\/users\/2"}],"replies":[{"embeddable":true,"href":"https:\/\/www.europesays.com\/fr\/wp-json\/wp\/v2\/comments?post=307143"}],"version-history":[{"count":0,"href":"https:\/\/www.europesays.com\/fr\/wp-json\/wp\/v2\/posts\/307143\/revisions"}],"wp:featuredmedia":[{"embeddable":true,"href":"https:\/\/www.europesays.com\/fr\/wp-json\/wp\/v2\/media\/307144"}],"wp:attachment":[{"href":"https:\/\/www.europesays.com\/fr\/wp-json\/wp\/v2\/media?parent=307143"}],"wp:term":[{"taxonomy":"category","embeddable":true,"href":"https:\/\/www.europesays.com\/fr\/wp-json\/wp\/v2\/categories?post=307143"},{"taxonomy":"post_tag","embeddable":true,"href":"https:\/\/www.europesays.com\/fr\/wp-json\/wp\/v2\/tags?post=307143"}],"curies":[{"name":"wp","href":"https:\/\/api.w.org\/{rel}","templated":true}]}}