{"id":307171,"date":"2025-08-09T11:08:12","date_gmt":"2025-08-09T11:08:12","guid":{"rendered":"https:\/\/www.europesays.com\/fr\/307171\/"},"modified":"2025-08-09T11:08:12","modified_gmt":"2025-08-09T11:08:12","slug":"malgre-linterdiction-dieudonne-a-joue-son-spectacle-pres-de-rennes-et-compte-recidiver-ce-samedi-a-lorient","status":"publish","type":"post","link":"https:\/\/www.europesays.com\/fr\/307171\/","title":{"rendered":"Malgr\u00e9 l&rsquo;interdiction, Dieudonn\u00e9 \u00e0 jou\u00e9 son spectacle pr\u00e8s de Rennes, et compte r\u00e9cidiver ce samedi \u00e0 Lorient"},"content":{"rendered":"<p class=\"article__intro\">Le com\u00e9dien Dieudonn\u00e9 s&rsquo;est produit \u00e0 Sens-de-Bretagne (Ille-et-Vilaine) ce 8 ao\u00fbt chez un particulier, malgr\u00e9 un arr\u00eat\u00e9 pr\u00e9fectoral l&rsquo;interdisant de se produire dans le d\u00e9partement pour \u00ab\u00a0risque de troubles \u00e0 l&rsquo;ordre public\u00a0\u00bb. Il doit se produire pr\u00e8s de Lorient ce 9 ao\u00fbt, alors que la pr\u00e9fecture du Morbihan a pris la m\u00eame interdiction.<\/p>\n<p>\n      La Quotidienne Soci\u00e9t\u00e9\n    <\/p>\n<p>\n      De la vie quotidienne aux grands enjeux, recevez tous les jours les sujets qui font la soci\u00e9t\u00e9 locale, comme la justice, l\u2019\u00e9ducation, la sant\u00e9 et la famille.\n    <\/p>\n<p>    France T\u00e9l\u00e9visions utilise votre adresse e-mail afin de vous envoyer la newsletter \u00ab\u00a0La Quotidienne Soci\u00e9t\u00e9\u00a0\u00bb. Vous pouvez vous d\u00e9sinscrire \u00e0 tout moment via le lien en bas de cette newsletter. <a target=\"_blank\" href=\"https:\/\/www.francetelevisions.fr\/groupe\/confidentialite\/politique-de-confidentialite\/politique-de-confidentialite-de-france-televisions-6503\" rel=\"nofollow noopener\">Notre politique de confidentialit\u00e9<\/a><\/p>\n<p>Humoriste multicondamn\u00e9 pour injures raciales et antis\u00e9mitisme, Dieudonn\u00e9 continue de se produire sur sc\u00e8ne en catimini. C&rsquo;\u00e9tait le cas ce 8\u00a0ao\u00fbt pr\u00e8s\u00a0de Rennes\u00a0: le com\u00e9dien a pu jouer son spectacle chez un particulier \u00e0 Sens-de-Bretagne (Ille-et-Vilaine), \u00e0 une trentaine de kilom\u00e8tres au nord de la capitale bretonne.<\/p>\n<p>Face \u00e0 l&rsquo;hostilit\u00e9 des pouvoirs publics et des \u00e9lus locaux \u00e0 l&rsquo;encontre de sa venue, Dieudonn\u00e9 utilise le m\u00eame proc\u00e9d\u00e9 pour chacune de ses dates de tourn\u00e9es\u00a0: il annonce sur son site internet se produire pr\u00e8s d&rsquo;une grande ville, et le lieu du spectacle est tenu secret jusqu&rsquo;au dernier moment.<\/p>\n<p>C&rsquo;\u00e9tait le cas \u00ab\u00a0pr\u00e8s de Rennes\u00a0\u00bb ce 8 ao\u00fbt, o\u00f9 la repr\u00e9sentation s&rsquo;est tenue \u00e0 partir de 19\u00a0heures sur un terrain priv\u00e9, emp\u00eachant toute intervention des forces de l&rsquo;ordre. Une nouvelle date, \u00ab\u00a0pr\u00e8s de Lorient\u00a0\u00bb est pr\u00e9vue ce 9\u00a0ao\u00fbt. Comme la veille, une premi\u00e8re partie sera assur\u00e9e par le chanteur Francis Lalanne.<\/p>\n<p>Les pr\u00e9fets des d\u00e9partements du Finist\u00e8re et du Morbihan ont pourtant pris un arr\u00eat\u00e9 ce 7\u00a0ao\u00fbt pour, sur leurs territoires respectifs, interdire le spectacle de Dieudonn\u00e9 ou \u00ab\u00a0toute repr\u00e9sentation dans laquelle M. Dieudonn\u00e9 M\u2019Bala M\u2019Bala est com\u00e9dien, metteur en sc\u00e8ne ou auteur\u00a0\u00bb, rapporte <a href=\"https:\/\/www.francebleu.fr\/infos\/faits-divers-justice\/dieudonne-accueilli-a-sens-de-bretagne-malgre-l-interdiction-de-la-prefecture-2436127\" target=\"_blank\" rel=\"noopener nofollow\">Ici Armorique<\/a>. Ces spectacles sont susceptibles de troubler l&rsquo;ordre public, estiment les pr\u00e9fets, qui rappellent notamment que le com\u00e9dien fait, lors de ces derni\u00e8res repr\u00e9sentations, l&rsquo;apologie du terrorisme et \u00ab\u00a0tourne en d\u00e9rision les attentats de 2015 dont la France a \u00e9t\u00e9 victime\u00a0\u00bb.<\/p>\n<p>Dieudonn\u00e9 a \u00e9t\u00e9 condamn\u00e9 \u00e0 plusieurs reprises, en France, comme \u00e0 l&rsquo;\u00e9tranger, rappelle ICI Breizh Izel, notamment pour des propos n\u00e9gationnistes, antis\u00e9mites, \u00ab\u00a0apologie du terrorisme\u00a0\u00bb, \u00ab\u00a0injures \u00e0 caract\u00e8re raciste\u00a0\u00bb ou encore \u00ab\u00a0provocation \u00e0 la haine raciale\u00a0\u00bb.<\/p>\n<p>L&rsquo;ann\u00e9e derni\u00e8re, il a \u00e9cop\u00e9 d&rsquo;une amende de 8 000 euros apr\u00e8s s&rsquo;\u00eatre produit dans un ch\u00e2teau proche de Rennes (Ille-et-Vilaine), sans annoncer aux propri\u00e9taires qu&rsquo;il venait pour y jouer son spectacle. Le tribunal correctionnel de Rennes avait estim\u00e9 qu&rsquo;il s&rsquo;agissait l\u00e0 d&rsquo;une \u00ab\u00a0escroquerie\u00a0\u00bb.\u00a0<\/p>\n","protected":false},"excerpt":{"rendered":"Le com\u00e9dien Dieudonn\u00e9 s&rsquo;est produit \u00e0 Sens-de-Bretagne (Ille-et-Vilaine) ce 8 ao\u00fbt chez un particulier, malgr\u00e9 un arr\u00eat\u00e9 pr\u00e9fectoral&hellip;\n","protected":false},"author":2,"featured_media":307172,"comment_status":"","ping_status":"","sticky":false,"template":"","format":"standard","meta":{"footnotes":""},"categories":[2821],"tags":[1111,11,829,1777,674,1011,27,12,584,25],"class_list":{"0":"post-307171","1":"post","2":"type-post","3":"status-publish","4":"format-standard","5":"has-post-thumbnail","7":"category-rennes","8":"tag-actu","9":"tag-actualites","10":"tag-bretagne","11":"tag-eu","12":"tag-europe","13":"tag-fr","14":"tag-france","15":"tag-news","16":"tag-rennes","17":"tag-republique-francaise"},"share_on_mastodon":{"url":"https:\/\/pubeurope.com\/@fr\/114998496649858462","error":""},"_links":{"self":[{"href":"https:\/\/www.europesays.com\/fr\/wp-json\/wp\/v2\/posts\/307171","targetHints":{"allow":["GET"]}}],"collection":[{"href":"https:\/\/www.europesays.com\/fr\/wp-json\/wp\/v2\/posts"}],"about":[{"href":"https:\/\/www.europesays.com\/fr\/wp-json\/wp\/v2\/types\/post"}],"author":[{"embeddable":true,"href":"https:\/\/www.europesays.com\/fr\/wp-json\/wp\/v2\/users\/2"}],"replies":[{"embeddable":true,"href":"https:\/\/www.europesays.com\/fr\/wp-json\/wp\/v2\/comments?post=307171"}],"version-history":[{"count":0,"href":"https:\/\/www.europesays.com\/fr\/wp-json\/wp\/v2\/posts\/307171\/revisions"}],"wp:featuredmedia":[{"embeddable":true,"href":"https:\/\/www.europesays.com\/fr\/wp-json\/wp\/v2\/media\/307172"}],"wp:attachment":[{"href":"https:\/\/www.europesays.com\/fr\/wp-json\/wp\/v2\/media?parent=307171"}],"wp:term":[{"taxonomy":"category","embeddable":true,"href":"https:\/\/www.europesays.com\/fr\/wp-json\/wp\/v2\/categories?post=307171"},{"taxonomy":"post_tag","embeddable":true,"href":"https:\/\/www.europesays.com\/fr\/wp-json\/wp\/v2\/tags?post=307171"}],"curies":[{"name":"wp","href":"https:\/\/api.w.org\/{rel}","templated":true}]}}