{"id":307179,"date":"2025-08-09T11:13:26","date_gmt":"2025-08-09T11:13:26","guid":{"rendered":"https:\/\/www.europesays.com\/fr\/307179\/"},"modified":"2025-08-09T11:13:26","modified_gmt":"2025-08-09T11:13:26","slug":"conseillere-a-france-travail-elle-explique-son-metier-pour-casser-les-idees-preconcues","status":"publish","type":"post","link":"https:\/\/www.europesays.com\/fr\/307179\/","title":{"rendered":"Conseill\u00e8re \u00e0 France travail, elle explique son m\u00e9tier pour casser les id\u00e9es pr\u00e9con\u00e7ues"},"content":{"rendered":"<p>Charg\u00e9e d\u2019accueil et d\u2019information chez <a href=\"https:\/\/rennes.maville.com\/actu\/actudet_-france-travail-victime-d-une-cyberattaque-340-000-demandeurs-d-emploi-potentiellement-concernes-_54135-6910899_actu.Htm\" target=\"_blank\" rel=\"noopener\">France travail<\/a> pendant deux ans, Diane(1) est en cours de formation pour devenir conseill\u00e8re indemnisation. M\u00e9tier souvent mal connu du grand public, l\u2019habitante de La Chapelle-sur-Erdre (Loire-Atlantique) explique son quotidien.<\/p>\n<p><strong> <strong>Quelles sont, selon vous, les principales id\u00e9es re\u00e7ues autour de ton m\u00e9tier\u00a0?<\/strong> <\/strong><\/p>\n<p>De mani\u00e8re g\u00e9n\u00e9rale, il y a pas mal d\u2019id\u00e9es pr\u00e9con\u00e7ues sur les personnes qui travaillent chez France travail. Les gens pensent parfois que nous ne travaillons pas beaucoup, ou sommes peu impliqu\u00e9s et inefficaces dans la recherche d\u2019emploi des demandeurs. D\u2019autres estiment aussi que les aides sont toujours attribu\u00e9es aux m\u00eames et que ceux qui ont travaill\u00e9 toute leur vie peinent \u00e0 obtenir le ch\u00f4mage quand ils en ont besoin. Les personnes pensent qu\u2019ils ont cotis\u00e9 pour avoir le ch\u00f4mage, mais France travail est une assurance, au m\u00eame titre que les assurances voitures.<\/p>\n<p><strong>Lire aussi : <\/strong> <a href=\"https:\/\/nantes.maville.com\/actu\/actudet_-controleur-sncf-diego-fait-bien-plus-que-verifier-les-billets-de-train-_8-6924213_actu.Htm\" target=\"_blank\" rel=\"noopener\">Contr\u00f4leur SNCF, Diego fait bien plus que v\u00e9rifier les billets de train<\/a><\/p>\n<p><strong> <strong>Comment consid\u00e9rez-vous votre m\u00e9tier\u00a0?<\/strong> <\/strong><\/p>\n<p>Pour moi, il s\u2019agit d\u2019appliquer la r\u00e9glementation en vigueur avec rigueur et humanit\u00e9, sans jugement. Mon objectif est d\u2019accompagner au mieux les demandeurs d\u2019emploi.<\/p>\n<p>Nos \u00e9changes sont constants, notamment pour expliquer clairement le fonctionnement des droits, pourquoi une allocation est vers\u00e9e ou non, ce \u00e0 quoi ils ont droit,\u00a0etc. Et \u00e9galement pour pr\u00e9venir les situations \u00e0 risque, comme les trop-per\u00e7us, qui peuvent engendrer des difficult\u00e9s financi\u00e8res pour les usagers.<\/p>\n<p>Mon r\u00f4le, c\u2019est d\u2019anticiper, d\u2019informer et d\u2019\u00e9viter les mauvaises surprises. \u00catre conseill\u00e8re indemnisation, c\u2019est s\u00e9curiser financi\u00e8rement et accompagner les parcours de recherche d\u2019emploi.<\/p>\n<p><strong>Lire aussi :<\/strong>\u00a0<a href=\"https:\/\/rennes.maville.com\/actu\/actudet_-aide-soignant-serveur...-le-top-10-des-professions-les-plus-recherchees-en-2025-selon-france-travail-_53511-6896970_actu.Htm\" target=\"_blank\" rel=\"noopener\">Aide-soignant, serveur\u2026 Le top 10 des professions les plus recherch\u00e9es en 2025 selon France Travail<\/a><\/p>\n<p><strong> <strong>Quelles actions permettraient de faire \u00e9voluer l\u2019image du m\u00e9tier aupr\u00e8s du grand public\u00a0?<\/strong> <\/strong><\/p>\n<p>Un conseiller France travail est un humain au service d\u2019autres humains, ce qui veut dire qu\u2019il aide, et veut aider, \u00e0 son \u00e9chelle et avec bienveillance. Il est utile de comprendre que les d\u00e9cisions prises ne sont pas arbitraires, mais bien encadr\u00e9es par des r\u00e8gles pr\u00e9cises, et que les employ\u00e9s ne sont pas d\u00e9cisionnaires, ils ne suivent que des directives.<\/p>\n<p>Participer aux \u00e9v\u00e9nements organis\u00e9s, notamment ceux li\u00e9s \u00e0 la recherche d\u2019emploi, permet de rencontrer ces conseillers et de d\u00e9couvrir la r\u00e9alit\u00e9 de leurs engagements\u00a0: les \u00e9changes sont essentiels pour clore des malentendus. Derri\u00e8re chaque dossier, il y a un professionnel qui fait de son mieux pour aider, avec des contraintes humaines ou l\u00e9gislatives parfois complexes.<\/p>\n<p>(1) Pr\u00e9nom d\u2019emprunt, la femme ayant voulu garder l\u2019anonymat.<\/p>\n<p>\u00a0<\/p>\n","protected":false},"excerpt":{"rendered":"Charg\u00e9e d\u2019accueil et d\u2019information chez France travail pendant deux ans, Diane(1) est en cours de formation pour devenir&hellip;\n","protected":false},"author":2,"featured_media":307180,"comment_status":"","ping_status":"","sticky":false,"template":"","format":"standard","meta":{"footnotes":""},"categories":[2818],"tags":[1111,11,44771,13185,1777,674,9866,1011,27,3246,12244,766,12,2636,44772,25,3847],"class_list":{"0":"post-307179","1":"post","2":"type-post","3":"status-publish","4":"format-standard","5":"has-post-thumbnail","7":"category-nantes","8":"tag-actu","9":"tag-actualites","10":"tag-casser","11":"tag-conseillere","12":"tag-eu","13":"tag-europe","14":"tag-explique","15":"tag-fr","16":"tag-france","17":"tag-idees","18":"tag-metier","19":"tag-nantes","20":"tag-news","21":"tag-pays-de-la-loire","22":"tag-preconcues","23":"tag-republique-francaise","24":"tag-travail"},"share_on_mastodon":{"url":"https:\/\/pubeurope.com\/@fr\/114998516339173290","error":""},"_links":{"self":[{"href":"https:\/\/www.europesays.com\/fr\/wp-json\/wp\/v2\/posts\/307179","targetHints":{"allow":["GET"]}}],"collection":[{"href":"https:\/\/www.europesays.com\/fr\/wp-json\/wp\/v2\/posts"}],"about":[{"href":"https:\/\/www.europesays.com\/fr\/wp-json\/wp\/v2\/types\/post"}],"author":[{"embeddable":true,"href":"https:\/\/www.europesays.com\/fr\/wp-json\/wp\/v2\/users\/2"}],"replies":[{"embeddable":true,"href":"https:\/\/www.europesays.com\/fr\/wp-json\/wp\/v2\/comments?post=307179"}],"version-history":[{"count":0,"href":"https:\/\/www.europesays.com\/fr\/wp-json\/wp\/v2\/posts\/307179\/revisions"}],"wp:featuredmedia":[{"embeddable":true,"href":"https:\/\/www.europesays.com\/fr\/wp-json\/wp\/v2\/media\/307180"}],"wp:attachment":[{"href":"https:\/\/www.europesays.com\/fr\/wp-json\/wp\/v2\/media?parent=307179"}],"wp:term":[{"taxonomy":"category","embeddable":true,"href":"https:\/\/www.europesays.com\/fr\/wp-json\/wp\/v2\/categories?post=307179"},{"taxonomy":"post_tag","embeddable":true,"href":"https:\/\/www.europesays.com\/fr\/wp-json\/wp\/v2\/tags?post=307179"}],"curies":[{"name":"wp","href":"https:\/\/api.w.org\/{rel}","templated":true}]}}