{"id":307190,"date":"2025-08-09T11:21:12","date_gmt":"2025-08-09T11:21:12","guid":{"rendered":"https:\/\/www.europesays.com\/fr\/307190\/"},"modified":"2025-08-09T11:21:12","modified_gmt":"2025-08-09T11:21:12","slug":"juan-carmona-illumine-le-stade-nautique","status":"publish","type":"post","link":"https:\/\/www.europesays.com\/fr\/307190\/","title":{"rendered":"Juan Carmona illumine le stade nautique"},"content":{"rendered":"\n<p>Il y a exactement un an, c\u2019\u00e9tait les cris des supporters qui fusaient dans l\u2019enceinte du stade nautique municipal Florence Arthaud, \u00e0 l\u2019occasion des \u00e9preuves olympiques de voile. Ce week-end, c\u2019est une tout autre embarcation qui s\u2019appr\u00eate \u00e0 voguer au milieu du complexe sportif. Samedi soir \u00e0 partir de 19h, une imposante sc\u00e8ne flottante va accueillir la l\u00e9gende de la guitare flamenca, Juan Carmona, pour une carte blanche plac\u00e9e sous le signe de la musique andalouse.<\/p>\n<p>Multi-nomin\u00e9 aux Latin Grammy Awards, Juan Carmona est consid\u00e9r\u00e9 par ses pairs comme l\u2019un des meilleurs guitaristes flamencos de sa g\u00e9n\u00e9ration. Bien que natif de Lyon, le musicien reste attach\u00e9 aux sc\u00e8nes marseillaises, les m\u00eames sc\u00e8nes sur lesquelles il s\u2019est r\u00e9v\u00e9l\u00e9 pour la premi\u00e8re fois, \u00e0 l\u2019\u00e2ge de dix\u00a0ans. Depuis, les r\u00e9citals font le quotidien du guitariste. Install\u00e9 \u00e0 Jerez de la Frontera, le berceau du flamenco, Juan Carmona se forme aux c\u00f4t\u00e9s de sommit\u00e9s de la musique latine comme Joaquin Grilo, Agujetas Duquende ou Chano Dom\u00ednguez, mais \u00e9largit aussi son registre \u00e0 d\u2019autres collaborations de choix, avec Marcus Miller ou Ibrahim Maalouf.<\/p>\n<p>Carte blanche<\/p>\n<p>Mais ce samedi soir, le virtuose ne viendra pas seul. Dans le cadre des animations de l\u2019\u00c9t\u00e9 marseillais, la municipalit\u00e9 donne carte blanche au festival des Nuits Flamencas, dont Juan Carmona est le directeur artistique depuis leur cr\u00e9ation il y a plus de 10\u00a0ans. Accompagn\u00e9 des danseurs Jos\u00e9 et Isabel Fern\u00e1ndez, le guitariste donnera \u00e0 entendre les morceaux embl\u00e9matiques de sa discographie tel que \u00ab\u00a0Orillas\u00a0\u00bb, \u00ab\u00a0Alchemya\u00a0\u00bb ou encore \u00ab\u00a0Sin Fronteras\u00a0\u00bb. Une initiative gratuite qui fait la part belle au flamenco et qui d\u00e9butera d\u00e8s la fin d\u2019apr\u00e8s-midi avec des animations \u00e0 destination des enfants et des familles, propos\u00e9es d\u00e8s 16h30.<\/p>\n<p>Particularit\u00e9 de l\u2019\u00e9v\u00e9nement, son lieu unique. Remis sur pied pour les jeux olympiques de voile, \u00e0 l\u2019\u00e9t\u00e9 2024, le stade nautique municipal Florence Arthaud a \u00e9t\u00e9 enti\u00e8rement repens\u00e9 pour devenir un lieu de loisir et de culture durable. Ouvert aux coll\u00e9giens pour la pratique sportive depuis le mois de janvier, le complexe sportif, donnant sur la mer M\u00e9diterran\u00e9e, s\u2019appr\u00eate aussi \u00e0 accueillir animations et rencontre culturelles jusqu\u2019\u00e0 la fin de l\u2019\u00e9t\u00e9.<\/p>\n","protected":false},"excerpt":{"rendered":"Il y a exactement un an, c\u2019\u00e9tait les cris des supporters qui fusaient dans l\u2019enceinte du stade nautique&hellip;\n","protected":false},"author":2,"featured_media":307191,"comment_status":"","ping_status":"","sticky":false,"template":"","format":"standard","meta":{"footnotes":""},"categories":[2814],"tags":[1111,11,1777,674,1011,27,884,12,36175,882,25],"class_list":{"0":"post-307190","1":"post","2":"type-post","3":"status-publish","4":"format-standard","5":"has-post-thumbnail","7":"category-marseille","8":"tag-actu","9":"tag-actualites","10":"tag-eu","11":"tag-europe","12":"tag-fr","13":"tag-france","14":"tag-marseille","15":"tag-news","16":"tag-paul-cayre","17":"tag-provence-alpes-cote-dazur","18":"tag-republique-francaise"},"share_on_mastodon":{"url":"https:\/\/pubeurope.com\/@fr\/114998547822092651","error":""},"_links":{"self":[{"href":"https:\/\/www.europesays.com\/fr\/wp-json\/wp\/v2\/posts\/307190","targetHints":{"allow":["GET"]}}],"collection":[{"href":"https:\/\/www.europesays.com\/fr\/wp-json\/wp\/v2\/posts"}],"about":[{"href":"https:\/\/www.europesays.com\/fr\/wp-json\/wp\/v2\/types\/post"}],"author":[{"embeddable":true,"href":"https:\/\/www.europesays.com\/fr\/wp-json\/wp\/v2\/users\/2"}],"replies":[{"embeddable":true,"href":"https:\/\/www.europesays.com\/fr\/wp-json\/wp\/v2\/comments?post=307190"}],"version-history":[{"count":0,"href":"https:\/\/www.europesays.com\/fr\/wp-json\/wp\/v2\/posts\/307190\/revisions"}],"wp:featuredmedia":[{"embeddable":true,"href":"https:\/\/www.europesays.com\/fr\/wp-json\/wp\/v2\/media\/307191"}],"wp:attachment":[{"href":"https:\/\/www.europesays.com\/fr\/wp-json\/wp\/v2\/media?parent=307190"}],"wp:term":[{"taxonomy":"category","embeddable":true,"href":"https:\/\/www.europesays.com\/fr\/wp-json\/wp\/v2\/categories?post=307190"},{"taxonomy":"post_tag","embeddable":true,"href":"https:\/\/www.europesays.com\/fr\/wp-json\/wp\/v2\/tags?post=307190"}],"curies":[{"name":"wp","href":"https:\/\/api.w.org\/{rel}","templated":true}]}}