{"id":307194,"date":"2025-08-09T11:23:10","date_gmt":"2025-08-09T11:23:10","guid":{"rendered":"https:\/\/www.europesays.com\/fr\/307194\/"},"modified":"2025-08-09T11:23:10","modified_gmt":"2025-08-09T11:23:10","slug":"un-motard-se-tue-en-tombant-dans-un-ravin-pres-de-lyon-son-corps-decouvert-le-lendemain","status":"publish","type":"post","link":"https:\/\/www.europesays.com\/fr\/307194\/","title":{"rendered":"Un motard se tue en tombant dans un ravin pr\u00e8s de Lyon, son corps d\u00e9couvert le lendemain"},"content":{"rendered":"<p itemprop=\"description\"><strong>C&rsquo;est parce qu&rsquo;elle ne le voyait pas revenir du travail qu&rsquo;une femme a pr\u00e9venu les gendarmes jeudi soir de la disparition de son mari.<\/strong><\/p>\n<p>Parti \u00e0 moto de Thizy-les-Bourgs, il devait rentrer chez lui dans l&rsquo;agglom\u00e9ration lyonnaise.<\/p>\n<p>Des recherches ont \u00e9t\u00e9 effectu\u00e9es dans la soir\u00e9e, puis stopp\u00e9es \u00e0 la nuit tomb\u00e9e. Le corps du malheureux a finalement \u00e9t\u00e9 retrouv\u00e9 ce vendredi matin par des gendarmes \u00e0 Ronno.<\/p>\n<p>Dans des circonstances encore floues, le motard a perdu le contr\u00f4le de son v\u00e9hicule dans un virage de la D313 et a fait une lourde chute dans un ravin. La route bois\u00e9e et sinueuse est l&rsquo;une des plus accidentog\u00e8nes du d\u00e9partement du Rh\u00f4ne.<\/p>\n<p>Une enqu\u00eate a \u00e9t\u00e9 ouverte.<\/p>\n","protected":false},"excerpt":{"rendered":"C&rsquo;est parce qu&rsquo;elle ne le voyait pas revenir du travail qu&rsquo;une femme a pr\u00e9venu les gendarmes jeudi soir&hellip;\n","protected":false},"author":2,"featured_media":307195,"comment_status":"","ping_status":"","sticky":false,"template":"","format":"standard","meta":{"footnotes":""},"categories":[1889],"tags":[1111,11,2813,2190,2430,1109,251,1112,2811,1777,674,118,1011,27,1922,1110,1114,2428,2810,12,241,316,25,2812,517,800],"class_list":{"0":"post-307194","1":"post","2":"type-post","3":"status-publish","4":"format-standard","5":"has-post-thumbnail","7":"category-lyon","8":"tag-actu","9":"tag-actualites","10":"tag-article","11":"tag-asvel","12":"tag-auvergne-rhone-alpes","13":"tag-breves","14":"tag-culture","15":"tag-depeches","16":"tag-economique","17":"tag-eu","18":"tag-europe","19":"tag-faits-divers","20":"tag-fr","21":"tag-france","22":"tag-info","23":"tag-informations","24":"tag-infos","25":"tag-lyon","26":"tag-lyonmag","27":"tag-news","28":"tag-ol","29":"tag-politique","30":"tag-republique-francaise","31":"tag-sociale","32":"tag-sport","33":"tag-transports"},"share_on_mastodon":{"url":"https:\/\/pubeurope.com\/@fr\/114998555736757094","error":""},"_links":{"self":[{"href":"https:\/\/www.europesays.com\/fr\/wp-json\/wp\/v2\/posts\/307194","targetHints":{"allow":["GET"]}}],"collection":[{"href":"https:\/\/www.europesays.com\/fr\/wp-json\/wp\/v2\/posts"}],"about":[{"href":"https:\/\/www.europesays.com\/fr\/wp-json\/wp\/v2\/types\/post"}],"author":[{"embeddable":true,"href":"https:\/\/www.europesays.com\/fr\/wp-json\/wp\/v2\/users\/2"}],"replies":[{"embeddable":true,"href":"https:\/\/www.europesays.com\/fr\/wp-json\/wp\/v2\/comments?post=307194"}],"version-history":[{"count":0,"href":"https:\/\/www.europesays.com\/fr\/wp-json\/wp\/v2\/posts\/307194\/revisions"}],"wp:featuredmedia":[{"embeddable":true,"href":"https:\/\/www.europesays.com\/fr\/wp-json\/wp\/v2\/media\/307195"}],"wp:attachment":[{"href":"https:\/\/www.europesays.com\/fr\/wp-json\/wp\/v2\/media?parent=307194"}],"wp:term":[{"taxonomy":"category","embeddable":true,"href":"https:\/\/www.europesays.com\/fr\/wp-json\/wp\/v2\/categories?post=307194"},{"taxonomy":"post_tag","embeddable":true,"href":"https:\/\/www.europesays.com\/fr\/wp-json\/wp\/v2\/tags?post=307194"}],"curies":[{"name":"wp","href":"https:\/\/api.w.org\/{rel}","templated":true}]}}