{"id":307198,"date":"2025-08-09T11:27:13","date_gmt":"2025-08-09T11:27:13","guid":{"rendered":"https:\/\/www.europesays.com\/fr\/307198\/"},"modified":"2025-08-09T11:27:13","modified_gmt":"2025-08-09T11:27:13","slug":"le-corps-dun-homme-retrouve-apres-un-incendie-pres-dathenes","status":"publish","type":"post","link":"https:\/\/www.europesays.com\/fr\/307198\/","title":{"rendered":"le corps d&rsquo;un homme retrouv\u00e9 apr\u00e8s un incendie pr\u00e8s d&rsquo;Ath\u00e8nes"},"content":{"rendered":"<p class=\"c-chapo \">\n  Les pompiers luttaient toujours, samedi, contre un important incendie pr\u00e8s d&rsquo;Ath\u00e8nes, avec une vigilance rouge d\u00e9cr\u00e9t\u00e9e pour plusieurs r\u00e9gions.\n<\/p>\n<p>            lire plus tard<\/p>\n<p id=\"dialog__title\" class=\"dialog__title\">Pour sauvegarder cet article, connectez-vous ou cr\u00e9ez un compte franceinfo<\/p>\n<p class=\"dialog__description\">Sans paiement. Sans abonnement.<\/p>\n<p>        Fermer la fen\u00eatre d\u2019activation des notifications France Info<\/p>\n<p>            cr\u00e9er votre compte<\/p>\n<p>            se connecter<\/p>\n<p>        Fermer la fen\u00eatre de pr\u00e9sentation<\/p>\n<p>    <img loading=\"lazy\" decoding=\"async\" class=\"signature__image lazyload\" width=\"100\" height=\"100\" data- alt=\"\" src=\"https:\/\/www.europesays.com\/fr\/wp-content\/uploads\/2025\/05\/64a68815cd1a7_placeholder-36b69ec8.png\"\/><\/p>\n<p>    Publi\u00e9 le 09\/08\/2025 10:42<\/p>\n<p>      Mis \u00e0 jour le 09\/08\/2025 12:01<\/p>\n<p>        Temps de lecture : 2min<\/p>\n<p>    <img decoding=\"async\"  alt=\"Des pompiers luttent contre le feu pr\u00e8s de Keratea, au sud-est d'Ath\u00e8nes, en Gr\u00e8ce, le 8 ao\u00fbt 2025. (COSTAS BALTAS \/ ANADOLU \/ AFP)\" width=\"432\" height=\"243\" src=\"https:\/\/www.europesays.com\/fr\/wp-content\/uploads\/2025\/08\/068-aa-08082025-2363799-6897087c78c28652553389.jpg\" fetchpriority=\"high\"\/><\/p>\n<p>      Des pompiers luttent contre le feu pr\u00e8s de Keratea, au sud-est d&rsquo;Ath\u00e8nes, en Gr\u00e8ce, le 8 ao\u00fbt 2025. (COSTAS BALTAS \/ ANADOLU \/ AFP)<\/p>\n<p>La Gr\u00e8ce endeuill\u00e9e apr\u00e8s des vents violents sur une grande partie du pays. Pour la deuxi\u00e8me journ\u00e9e cons\u00e9cutive, des centaines de pompiers luttaient, samedi 9\u00a0ao\u00fbt, contre un important incendie pr\u00e8s d&rsquo;Ath\u00e8nes qui a fait un\u00a0mort. Plus de 260\u00a0pompiers, 80\u00a0camions de pompiers et 12\u00a0avions sont d\u00e9ploy\u00e9s \u00e0 Keratea, une zone rurale situ\u00e9e \u00e0 environ 43\u00a0kilom\u00e8tres au sud-est d&rsquo;Ath\u00e8nes, a pr\u00e9cis\u00e9 un porte-parole des pompiers. \u00ab\u00a0Le feu s&rsquo;est affaibli, mais il reste encore des foyers actifs\u00a0\u00bb, a d\u00e9clar\u00e9 le porte-parole \u00e0 l&rsquo;AFP.<\/p>\n<p>Des dizaines de personnes ont \u00e9t\u00e9 \u00e9vacu\u00e9es de leurs maisons et d&rsquo;un centre de soins pour personnes \u00e2g\u00e9es vendredi soir, alors que les flammes se rapprochaient de la station baln\u00e9aire de Palaia Fokaia. Les pompiers ont ensuite retrouv\u00e9 le corps d&rsquo;un homme \u00e2g\u00e9 dans une cabane pr\u00e8s de la ville de Keratea.<\/p>\n<p>Le service m\u00e9t\u00e9orologique national grec EMY a annonc\u00e9 pour samedi des vents pouvant atteindre 74\u00a0kilom\u00e8tres \u00e0 l&rsquo;heure. Le minist\u00e8re grec de la Protection civile a plac\u00e9 certaines r\u00e9gions, surtout l&rsquo;Attique, o\u00f9 est situ\u00e9e Ath\u00e8nes, l&rsquo;est du P\u00e9loponn\u00e8se et la Cr\u00e8te \u00ab\u00a0en vigilance rouge\u00a0\u00bb en raison d'\u00a0\u00bbun tr\u00e8s fort risque d&rsquo;incendies\u00a0\u00bb.<\/p>\n<p>Vendredi, deux\u00a0touristes vietnamiens, \u00e2g\u00e9s de 61 et 65\u00a0ans, <a href=\"https:\/\/www.franceinfo.fr\/monde\/grece\/en-grece-le-trafic-maritime-perturbe-a-cause-de-vents-violents-deux-touristes-retrouves-morts-dans-la-mer_7424959.html\" rel=\"nofollow noopener\" target=\"_blank\">ont perdu la vie sur l&rsquo;\u00eele de Milos en mer Eg\u00e9e<\/a>, dans l&rsquo;est de la Gr\u00e8ce, o\u00f9 des vents violents ont fortement perturb\u00e9 le trafic des ferries au pic de la saison touristique. \u00ab\u00a0C&rsquo;\u00e9taient des touristes vietnamiens faisant partie d&rsquo;un groupe de croisi\u00e9ristes. La femme est tomb\u00e9e \u00e0 l&rsquo;eau et l&rsquo;homme a apparemment essay\u00e9 de la sauver\u00a0\u00bb, a pr\u00e9cis\u00e9 \u00e0 l&rsquo;AFP une responsable du bureau de presse de la police portuaire.<\/p>\n<p class=\"related-tags__title\" role=\"heading\" aria-level=\"2\">les mots-cl\u00e9s associ\u00e9s \u00e0 cet article\n    <\/p>\n","protected":false},"excerpt":{"rendered":"Les pompiers luttaient toujours, samedi, contre un important incendie pr\u00e8s d&rsquo;Ath\u00e8nes, avec une vigilance rouge d\u00e9cr\u00e9t\u00e9e pour plusieurs&hellip;\n","protected":false},"author":2,"featured_media":307199,"comment_status":"","ping_status":"","sticky":false,"template":"","format":"standard","meta":{"footnotes":""},"categories":[1888],"tags":[1111,1928,11,1927,1777,674,1011,27,12,1926,626,1925,25],"class_list":{"0":"post-307198","1":"post","2":"type-post","3":"status-publish","4":"format-standard","5":"has-post-thumbnail","7":"category-paris","8":"tag-actu","9":"tag-actu-paris","10":"tag-actualites","11":"tag-actualites-paris","12":"tag-eu","13":"tag-europe","14":"tag-fr","15":"tag-france","16":"tag-news","17":"tag-news-paris","18":"tag-paris","19":"tag-paris-news","20":"tag-republique-francaise"},"share_on_mastodon":{"url":"https:\/\/pubeurope.com\/@fr\/114998571868663711","error":""},"_links":{"self":[{"href":"https:\/\/www.europesays.com\/fr\/wp-json\/wp\/v2\/posts\/307198","targetHints":{"allow":["GET"]}}],"collection":[{"href":"https:\/\/www.europesays.com\/fr\/wp-json\/wp\/v2\/posts"}],"about":[{"href":"https:\/\/www.europesays.com\/fr\/wp-json\/wp\/v2\/types\/post"}],"author":[{"embeddable":true,"href":"https:\/\/www.europesays.com\/fr\/wp-json\/wp\/v2\/users\/2"}],"replies":[{"embeddable":true,"href":"https:\/\/www.europesays.com\/fr\/wp-json\/wp\/v2\/comments?post=307198"}],"version-history":[{"count":0,"href":"https:\/\/www.europesays.com\/fr\/wp-json\/wp\/v2\/posts\/307198\/revisions"}],"wp:featuredmedia":[{"embeddable":true,"href":"https:\/\/www.europesays.com\/fr\/wp-json\/wp\/v2\/media\/307199"}],"wp:attachment":[{"href":"https:\/\/www.europesays.com\/fr\/wp-json\/wp\/v2\/media?parent=307198"}],"wp:term":[{"taxonomy":"category","embeddable":true,"href":"https:\/\/www.europesays.com\/fr\/wp-json\/wp\/v2\/categories?post=307198"},{"taxonomy":"post_tag","embeddable":true,"href":"https:\/\/www.europesays.com\/fr\/wp-json\/wp\/v2\/tags?post=307198"}],"curies":[{"name":"wp","href":"https:\/\/api.w.org\/{rel}","templated":true}]}}