{"id":307204,"date":"2025-08-09T11:30:09","date_gmt":"2025-08-09T11:30:09","guid":{"rendered":"https:\/\/www.europesays.com\/fr\/307204\/"},"modified":"2025-08-09T11:30:09","modified_gmt":"2025-08-09T11:30:09","slug":"loeuvre-representant-georges-brassens-a-ete-detruite-a-la-station-porte-des-lilas","status":"publish","type":"post","link":"https:\/\/www.europesays.com\/fr\/307204\/","title":{"rendered":"l&rsquo;\u0153uvre repr\u00e9sentant Georges Brassens a \u00e9t\u00e9 d\u00e9truite \u00e0 la station porte des Lilas"},"content":{"rendered":"<p>            Par<br \/>\n        <strong><br \/>\n            <a href=\"https:\/\/actu.fr\/auteur\/redaction-paris\" title=\"Consulter tous les articles de R\u00e9daction Paris\" target=\"_blank\" rel=\"noopener\">R\u00e9daction Paris<\/a><br \/>\n        <\/strong><\/p>\n<p>        Publi\u00e9 le<\/p>\n<p>            9 ao\u00fbt 2025 \u00e0 12h46        <\/p>\n<p>\u00ab\u2009Je suis entr\u00e9 par la porte, par la porte des Lilas\u2009\u00bb, chantait <strong>Georges Brassens<\/strong> en 1957, dans son album\u00a0Les Lilas. Quelques ann\u00e9es plus tard, \u00e0 la fin des ann\u00e9es 1980, une <strong>mosa\u00efque<\/strong> du chanteur \u00e0 la pipe avait \u00e9t\u00e9 cr\u00e9\u00e9e dans la station de la <strong>ligne 11<\/strong>, situ\u00e9e dans le 20e arrondissement de <a href=\"https:\/\/actu.fr\/paris\/\" target=\"_blank\" rel=\"noopener\">Paris<\/a>. Le 26\u00a0juillet 2025, malgr\u00e9 la mobilisation d\u2019associations de protection du patrimoine, l\u2019\u0153uvre a \u00e9t\u00e9 <strong>d\u00e9truite<\/strong>, rapporte Le Parisien.<\/p>\n<p>Une p\u00e9tition lanc\u00e9e en janvier dernier<\/p>\n<p class=\" wall-content\">Michel L\u2019Huillier, artiste \u00e0 l\u2019origine du tryptique, a fait part de son d\u00e9sarroi dans les colonnes du quotidien. \u00ab\u2009Pendant les vacances, ils en ont profit\u00e9, ils ont tout cass\u00e9\u2009\u00bb. Cet effacement \u00e9tait <strong>contest\u00e9<\/strong> par plusieurs collectifs associatifs de sauvegarde du patrimoine. Une <a href=\"https:\/\/www.mesopinions.com\/petition\/art-culture\/sauver-3-mosaiques-georges-brassens-a\/230928\/actualite\/85390\" target=\"_blank\" rel=\"noopener\">p\u00e9tition<\/a>, lanc\u00e9e le 5\u00a0janvier 2025 par l\u2019association Racines du 93 afin de \u00ab\u2009sauver les 3 mosa\u00efques\u2009\u00bb du chanteur, avait m\u00eame recueilli <strong>plus de 9\u2009000 signatures<\/strong>.<\/p>\n<p class=\" wall-content\">Las, la <a href=\"https:\/\/actu.fr\/tag\/ratp\" target=\"_blank\" rel=\"noopener\">RATP<\/a> a d\u00e9cid\u00e9 de retirer la fresque. Sollicit\u00e9e par actu Paris, la r\u00e9gie rappelle que \u00ab<strong>\u2009d\u2019importantes infiltrations<\/strong>\u2009\u00bb sont constat\u00e9es dans la station exhibant un \u00ab\u2009\u00e9tat d\u00e9grad\u00e9\u2009\u00bb, n\u00e9cessitant des travaux. \u00ab\u2009Au-del\u00e0 du risque d\u2019alt\u00e9ration progressive de l\u2019\u00e9tat visuel des fresques, leur non-d\u00e9pose compromettait de mani\u00e8re significative l\u2019\u00e9tanch\u00e9it\u00e9 de la station \u00e0 cet emplacement\u2009\u00bb, ajoute la RATP, qui pr\u00e9cise que \u00ab\u2009des <strong>expertises<\/strong> ont \u00e9t\u00e9 diligent\u00e9es\u2009\u00bb pour \u00ab\u2009trouver des solutions techniques \u00e0 la pr\u00e9servation ou la conservation de ces fresques\u2009\u00bb.<\/p>\n<p>De nouvelles \u0153uvres\u2009?<\/p>\n<p class=\" wall-content\">Effac\u00e9es, les \u0153uvres pourraient bient\u00f4t \u00eatre remplac\u00e9es. La r\u00e9gie indique qu\u2019une \u00ab<strong>\u2009nouvelle intervention<\/strong> sera r\u00e9alis\u00e9e pour rendre hommage\u2009\u00bb au chanteur disparu en 1981, ainsi qu\u2019\u00e0 \u00ab\u2009une artiste f\u00e9minine\u2009\u00bb. Michel L\u2019Huillier aurait ainsi re\u00e7u une \u00ab\u2009proposition de collaboration\u2009\u00bb \u00e0 cet effet.<\/p>\n<p class=\" wall-content\">Figure majeure de la chanson fran\u00e7aise dans les ann\u00e9es\u00a01950 et\u00a01960, Georges Brassens a nou\u00e9 un lien particulier avec la porte des Lilas. \u00c0 tel point que le lieu \u00e9ponyme a donn\u00e9 lieu \u00e0 un <strong>film<\/strong> sorti en 1957 dans lequel l\u2019artiste \u00e9pouse son seul r\u00f4le au cin\u00e9ma. Deux ans plus tard, <a href=\"https:\/\/actu.fr\/ile-de-france\/paris_75056\/un-bout-du-patrimoine-devant-la-maison-gainsbourg-a-paris-les-fans-redoutent-une-possible-fermeture_61695592.html\" target=\"_blank\" rel=\"noopener\">Serge Gainsbourg<\/a> sortait la chanson \u00ab<strong>\u2009Le poin\u00e7onneur des Lilas<\/strong>\u2009\u00bb pour railler le quotidien d\u2019un employ\u00e9 de la station.<\/p>\n<p class=\" wall-content\">Suivez toute l\u2019actualit\u00e9 de vos villes et m\u00e9dias favoris en vous inscrivant \u00e0 <a href=\"https:\/\/moncompte.actu.fr\" title=\"D\u00e9couvez Mon Actu\" rel=\"nofollow noopener\" data-trk=\"{&quot;cta&quot;:{&quot;action&quot;:&quot;https:\\\/\\\/moncompte.actu.fr&quot;,&quot;category&quot;:&quot;mon compte&quot;,&quot;from&quot;:&quot;article footer&quot;,&quot;name&quot;:&quot;Mon actu&quot;,&quot;type&quot;:&quot;cta&quot;}}\" target=\"_blank\">Mon Actu<\/a>.<\/p>\n","protected":false},"excerpt":{"rendered":"Par R\u00e9daction Paris Publi\u00e9 le 9 ao\u00fbt 2025 \u00e0 12h46 \u00ab\u2009Je suis entr\u00e9 par la porte, par la&hellip;\n","protected":false},"author":2,"featured_media":307205,"comment_status":"","ping_status":"","sticky":false,"template":"","format":"standard","meta":{"footnotes":""},"categories":[1888],"tags":[11,1777,674,1011,27,12,626,625,25,104,2086],"class_list":{"0":"post-307204","1":"post","2":"type-post","3":"status-publish","4":"format-standard","5":"has-post-thumbnail","7":"category-paris","8":"tag-actualites","9":"tag-eu","10":"tag-europe","11":"tag-fr","12":"tag-france","13":"tag-news","14":"tag-paris","15":"tag-ratp","16":"tag-republique-francaise","17":"tag-societe","18":"tag-travaux"},"share_on_mastodon":{"url":"https:\/\/pubeurope.com\/@fr\/114998583299530548","error":""},"_links":{"self":[{"href":"https:\/\/www.europesays.com\/fr\/wp-json\/wp\/v2\/posts\/307204","targetHints":{"allow":["GET"]}}],"collection":[{"href":"https:\/\/www.europesays.com\/fr\/wp-json\/wp\/v2\/posts"}],"about":[{"href":"https:\/\/www.europesays.com\/fr\/wp-json\/wp\/v2\/types\/post"}],"author":[{"embeddable":true,"href":"https:\/\/www.europesays.com\/fr\/wp-json\/wp\/v2\/users\/2"}],"replies":[{"embeddable":true,"href":"https:\/\/www.europesays.com\/fr\/wp-json\/wp\/v2\/comments?post=307204"}],"version-history":[{"count":0,"href":"https:\/\/www.europesays.com\/fr\/wp-json\/wp\/v2\/posts\/307204\/revisions"}],"wp:featuredmedia":[{"embeddable":true,"href":"https:\/\/www.europesays.com\/fr\/wp-json\/wp\/v2\/media\/307205"}],"wp:attachment":[{"href":"https:\/\/www.europesays.com\/fr\/wp-json\/wp\/v2\/media?parent=307204"}],"wp:term":[{"taxonomy":"category","embeddable":true,"href":"https:\/\/www.europesays.com\/fr\/wp-json\/wp\/v2\/categories?post=307204"},{"taxonomy":"post_tag","embeddable":true,"href":"https:\/\/www.europesays.com\/fr\/wp-json\/wp\/v2\/tags?post=307204"}],"curies":[{"name":"wp","href":"https:\/\/api.w.org\/{rel}","templated":true}]}}