{"id":307214,"date":"2025-08-09T11:35:17","date_gmt":"2025-08-09T11:35:17","guid":{"rendered":"https:\/\/www.europesays.com\/fr\/307214\/"},"modified":"2025-08-09T11:35:17","modified_gmt":"2025-08-09T11:35:17","slug":"lallemagne-suspend-ses-exportations-militaires-susceptibles-detre-utilisees-a-gaza","status":"publish","type":"post","link":"https:\/\/www.europesays.com\/fr\/307214\/","title":{"rendered":"L&rsquo;Allemagne suspend ses exportations militaires susceptibles d&rsquo;\u00eatre utilis\u00e9es \u00e0 Gaza"},"content":{"rendered":"<p>          <img decoding=\"async\" class=\"c-ad__placeholder__logo\" src=\"https:\/\/static.euronews.com\/website\/images\/logos\/logo-euronews-stacked-outlined-72x72-grey-9.svg\" width=\"72\" height=\"72\" alt=\"\" loading=\"lazy\"\/><br \/>\n          PUBLICIT\u00c9<\/p>\n<p>Le chancelier allemand Friedrich Merz a d\u00e9clar\u00e9 vendredi que son pays n&rsquo;autoriserait aucune exportation d&rsquo;\u00e9quipements militaires susceptibles d&rsquo;\u00eatre utilis\u00e9s \u00e0 Gaza \u00ab\u00a0jusqu&rsquo;\u00e0 nouvel ordre\u00a0\u00bb.<\/p>\n<p>Cette d\u00e9cision de Berlin, qui a toujours \u00e9t\u00e9 un fervent partisan d&rsquo;Isra\u00ebl, intervient apr\u00e8s que le cabinet isra\u00e9lien a annonc\u00e9 son intention de prendre le contr\u00f4le de la ville de Gaza.<\/p>\n<p>Dans une d\u00e9claration, M. Merz a soulign\u00e9 qu&rsquo;I<strong>sra\u00ebl \u00ab\u00a0a le droit de se d\u00e9fendre contre la terreur du Hamas\u00a0\u00bb<\/strong> et a d\u00e9clar\u00e9 que la lib\u00e9ration des otages isra\u00e9liens et des n\u00e9gociations \u00ab\u00a0r\u00e9solues\u00a0\u00bb en vue d&rsquo;un cessez-le-feu dans cette guerre qui dure depuis 22 mois \u00ab\u00a0sont notre priorit\u00e9 absolue\u00a0\u00bb.<\/p>\n<p>Il a \u00e9galement d\u00e9clar\u00e9 que le Hamas ne devait pas jouer de r\u00f4le dans la future gouvernance de Gaza.<\/p>\n<p>\u00ab\u00a0<strong>L&rsquo;action militaire encore plus dure de l&rsquo;arm\u00e9e isra\u00e9lienne dans la bande de Gaza, approuv\u00e9e par le cabinet (de s\u00e9curit\u00e9) isra\u00e9lien hier soir, rend de plus en plus difficile pour le gouvernement allemand de voir comment ces objectifs pourront \u00eatre atteints<\/strong>\u00ab\u00a0, a-t-il ajout\u00e9.<\/p>\n<p>\u00ab\u00a0Dans ces circonstances, le gouvernement allemand n&rsquo;autorisera aucune exportation d&rsquo;\u00e9quipement militaire susceptible d&rsquo;\u00eatre utilis\u00e9 dans la bande de Gaza jusqu&rsquo;\u00e0 nouvel ordre.<\/p>\n<p>Le gouvernement allemand reste profond\u00e9ment pr\u00e9occup\u00e9 par les souffrances des civils \u00e0 Gaza. \u00ab\u00a0Avec l&rsquo;offensive pr\u00e9vue, le gouvernement isra\u00e9lien porte une responsabilit\u00e9 encore plus grande qu&rsquo;auparavant pour r\u00e9pondre \u00e0 leurs besoins\u00a0\u00bb, a expliqu\u00e9 M. Merz.<\/p>\n<p>Il a appel\u00e9 Isra\u00ebl \u00e0 permettre un acc\u00e8s complet aux livraisons d&rsquo;aide, y compris pour les organisations de l&rsquo;ONU et d&rsquo;autres ONG, et a d\u00e9clar\u00e9 qu&rsquo;Isra\u00ebl \u00ab\u00a0doit continuer \u00e0 traiter de mani\u00e8re compl\u00e8te et durable la situation humanitaire \u00e0 Gaza\u00a0\u00bb.<\/p>\n<p>L&rsquo;Allemagne a \u00e9galement appel\u00e9 le gouvernement isra\u00e9lien \u00e0 \u00ab\u00a0ne pas prendre de nouvelles mesures en vue de l&rsquo;annexion de la Cisjordanie\u00a0\u00bb.<\/p>\n<p>Isra\u00ebl importe pr\u00e8s de 70 % de son arsenal militaire des \u00c9tats-Unis, premier exportateur d&rsquo;armes au monde. L&rsquo;Allemagne est le deuxi\u00e8me fournisseur d&rsquo;Isra\u00ebl et, depuis le d\u00e9but de la guerre entre Isra\u00ebl et le Hamas \u00e0 Gaza en octobre 2023, Berlin a export\u00e9 pour 485 millions d&rsquo;euros d&rsquo;armes.<\/p>\n<p>L&rsquo;Italie arrive en troisi\u00e8me position, fournissant moins de 1 % du mat\u00e9riel militaire isra\u00e9lien.<\/p>\n<p>Changement d&rsquo;opinion<\/p>\n<p>Les commentaires de M. Merz interviennent alors qu&rsquo;un certain nombre de pays occidentaux ont chang\u00e9 d&rsquo;avis sur la mani\u00e8re dont la guerre contre le Hamas \u00e0 Gaza est men\u00e9e et sur la crise humanitaire qui en r\u00e9sulte.<\/p>\n<p>En juillet, les ministres des affaires \u00e9trang\u00e8res de 28 pays, dont la Belgique et le Royaume-Uni, ont <a href=\"https:\/\/www.gov.uk\/government\/news\/joint-statement-on-the-occupied-palestinian-territories\" target=\"_blank\" rel=\"noreferrer noopener\"><strong>publi\u00e9 une d\u00e9claration commune<\/strong><\/a> affirmant que la guerre \u00ab\u00a0doit cesser maintenant\u00a0\u00bb et qu&rsquo;Isra\u00ebl doit se conformer au droit international.<\/p>\n<p>Les ministres des Affaires \u00e9trang\u00e8res ont d\u00e9clar\u00e9 que \u00ab\u00a0les souffrances des civils \u00e0 Gaza ont atteint de nouveaux sommets\u00a0\u00bb et ont condamn\u00e9 \u00ab\u00a0l&rsquo;acheminement au compte-gouttes de l&rsquo;aide et l&rsquo;assassinat inhumain de civils, y compris des enfants, qui cherchent \u00e0 satisfaire leurs besoins les plus \u00e9l\u00e9mentaires en eau et en nourriture\u00a0\u00bb.<\/p>\n<p>En janvier, Isra\u00ebl a interdit \u00e0 l&rsquo;UNRWA, la principale organisation des Nations unies fournissant de l&rsquo;aide aux Palestiniens de Gaza, d&rsquo;exercer ses activit\u00e9s, affirmant que l&rsquo;agence fermait les yeux sur les membres du Hamas dans ses rangs.<\/p>\n<p>La responsabilit\u00e9 de la distribution de l&rsquo;aide a \u00e9t\u00e9 confi\u00e9e \u00e0 l&rsquo;opaque Fondation humanitaire pour Gaza (GHF), soutenue par les \u00c9tats-Unis, qui n&rsquo;avait aucune exp\u00e9rience de la distribution d&rsquo;aide dans des zones de combat.<\/p>\n<p>Sa m\u00e9thode de distribution a \u00e9t\u00e9 critiqu\u00e9e par les groupes d&rsquo;aide \u00e9tablis et les livraisons sur ses quatre sites de distribution dans la bande de Gaza ont souvent fait des victimes, soit lors d&rsquo;\u00e9crasements de foule, soit apr\u00e8s que les forces isra\u00e9liennes ou des sous-traitants de la s\u00e9curit\u00e9 ont ouvert le feu \u00e0 proximit\u00e9 des demandeurs d&rsquo;aide.<\/p>\n<p>Le mois dernier \u00e9galement, le pr\u00e9sident fran\u00e7ais Emmanuel Macron <a href=\"https:\/\/fr.euronews.com\/my-europe\/2025\/07\/24\/nous-gagnerons-la-paix-la-france-reconnaitra-letat-de-palestine-en-septembre-annonce-macro\" target=\"_blank\" rel=\"noopener\">a d\u00e9clar\u00e9 que la France reconna\u00eetrait la <\/a>Palestine en tant qu&rsquo;\u00c9tat lors de l&rsquo;Assembl\u00e9e g\u00e9n\u00e9rale des Nations unies en septembre, ajoutant qu&rsquo;il esp\u00e9rait que cette d\u00e9cision contribuerait \u00e0 apporter la paix dans la r\u00e9gion.<\/p>\n<p>Peu apr\u00e8s cette annonce, <a href=\"https:\/\/fr.euronews.com\/my-europe\/2025\/07\/31\/le-portugal-envisage-a-son-tour-la-reconnaissance-dun-etat-palestinien-en-septembre\" target=\"_blank\" rel=\"noopener\">le gouvernement portugais a d\u00e9clar\u00e9 qu&rsquo; <\/a>il consultait les principaux partis politiques du pays sur la reconnaissance potentielle d&rsquo;un \u00c9tat palestinien.<\/p>\n<p>Sources additionnelles<strong> \u2022 AP<\/strong><\/p>\n","protected":false},"excerpt":{"rendered":"PUBLICIT\u00c9 Le chancelier allemand Friedrich Merz a d\u00e9clar\u00e9 vendredi que son pays n&rsquo;autoriserait aucune exportation d&rsquo;\u00e9quipements militaires susceptibles&hellip;\n","protected":false},"author":2,"featured_media":307215,"comment_status":"","ping_status":"","sticky":false,"template":"","format":"standard","meta":{"footnotes":""},"categories":[1587],"tags":[11,672,4628,1804,1805,1803,1777,674,4710,1801,5643,664,12,3518,1802],"class_list":{"0":"post-307214","1":"post","2":"type-post","3":"status-publish","4":"format-standard","5":"has-post-thumbnail","7":"category-allemagne","8":"tag-actualites","9":"tag-allemagne","10":"tag-bande-de-gaza","11":"tag-bundesrepublik-deutschland","12":"tag-de","13":"tag-deutschland","14":"tag-eu","15":"tag-europe","16":"tag-friedrich-merz","17":"tag-germany","18":"tag-guerre-israel-hamas","19":"tag-israel","20":"tag-news","21":"tag-palestine","22":"tag-republique-federale-dallemagne"},"share_on_mastodon":{"url":"https:\/\/pubeurope.com\/@fr\/114998602929464434","error":""},"_links":{"self":[{"href":"https:\/\/www.europesays.com\/fr\/wp-json\/wp\/v2\/posts\/307214","targetHints":{"allow":["GET"]}}],"collection":[{"href":"https:\/\/www.europesays.com\/fr\/wp-json\/wp\/v2\/posts"}],"about":[{"href":"https:\/\/www.europesays.com\/fr\/wp-json\/wp\/v2\/types\/post"}],"author":[{"embeddable":true,"href":"https:\/\/www.europesays.com\/fr\/wp-json\/wp\/v2\/users\/2"}],"replies":[{"embeddable":true,"href":"https:\/\/www.europesays.com\/fr\/wp-json\/wp\/v2\/comments?post=307214"}],"version-history":[{"count":0,"href":"https:\/\/www.europesays.com\/fr\/wp-json\/wp\/v2\/posts\/307214\/revisions"}],"wp:featuredmedia":[{"embeddable":true,"href":"https:\/\/www.europesays.com\/fr\/wp-json\/wp\/v2\/media\/307215"}],"wp:attachment":[{"href":"https:\/\/www.europesays.com\/fr\/wp-json\/wp\/v2\/media?parent=307214"}],"wp:term":[{"taxonomy":"category","embeddable":true,"href":"https:\/\/www.europesays.com\/fr\/wp-json\/wp\/v2\/categories?post=307214"},{"taxonomy":"post_tag","embeddable":true,"href":"https:\/\/www.europesays.com\/fr\/wp-json\/wp\/v2\/tags?post=307214"}],"curies":[{"name":"wp","href":"https:\/\/api.w.org\/{rel}","templated":true}]}}