{"id":307224,"date":"2025-08-09T11:42:11","date_gmt":"2025-08-09T11:42:11","guid":{"rendered":"https:\/\/www.europesays.com\/fr\/307224\/"},"modified":"2025-08-09T11:42:11","modified_gmt":"2025-08-09T11:42:11","slug":"la-jeune-volleyeuse-de-lifou-en-equipe-de-france-u16-un-espoir-caledonien-du-volley-ball","status":"publish","type":"post","link":"https:\/\/www.europesays.com\/fr\/307224\/","title":{"rendered":"la jeune volleyeuse de Lifou en \u00e9quipe de France U16, un espoir cal\u00e9donien du volley-ball"},"content":{"rendered":"<p>\u00c0 seulement 15 ans, Marie Haeweng, originaire de la tribu de Jozip \u00e0 Lifou, s\u2019impose comme une \u00e9toile montante du volley-ball cal\u00e9donien. Membre de l\u2019\u00e9quipe de France des moins de 16 ans, elle jongle entre entra\u00eenements exigeants et moments pr\u00e9cieux sur son \u00eele avant de repartir dans l&rsquo;Hexagone pour poursuivre son r\u00eave sportif.<\/p>\n<p>Depuis Lifou, Marie Haeweng trace un chemin prometteur vers les sommets du volley-ball fran\u00e7ais. L\u2019an dernier, cette jeune volleyeuse a int\u00e9gr\u00e9 le p\u00f4le espoir de Nancy, une \u00e9tape cl\u00e9 rendue possible gr\u00e2ce au centre d&rsquo;entra\u00eenement provincial volley-ball de la province des \u00celes, qui assure un suivi technique aux jeunes talents cal\u00e9doniens. Aujourd&rsquo;hui, elle \u00e9volue au sein de l\u2019\u00e9quipe de France U16.<\/p>\n<p>Originaire de la tribu de Jozip, au sud de Lifou, Marie Haeweng profite d\u2019un cadre familial chaleureux. Ce temps pass\u00e9 aupr\u00e8s de ses proches, notamment lors des week-ends de jardinage avec ses cousins et cousines, lui permet de recharger ses batteries avant de reprendre l\u2019intensit\u00e9 des entra\u00eenements. Mais pas question pour elle de rel\u00e2cher ses efforts : trois fois par semaine, elle s\u2019entra\u00eene avec le centre d&rsquo;entra\u00eenement provincial volley-ball de la province des \u00celes. Cela, lui permet de garder la rigueur qui lui a valu d\u2019int\u00e9grer l\u2019\u00e9quipe de France des moins de 16 ans.<\/p>\n<p>La carri\u00e8re de Marie Haeweng est d\u00e9j\u00e0 riche d\u2019exp\u00e9riences internationales. Sur les terrains du Luxembourg, d&rsquo;Italie et plus r\u00e9cemment d&rsquo;Albanie, elle a d\u00e9fendu les couleurs tricolores avec passion. \u00ab\u00a0On a termin\u00e9 quatri\u00e8me de notre poule, du coup on n\u2019a pas pu aller en finale du championnat d&rsquo;Europe\u00a0\u00bb, confie la jeune volleyeuse. Une d\u00e9ception qu\u2019elle transforme en motivation pour aller plus loin.<\/p>\n<p>Cette passion du volley-ball est avant tout une affaire de famille. Joseph Haeweng, son p\u00e8re est fier de lui avoir transmis cet engouement.<\/p>\n<blockquote class=\"ftvi_content_quote\">\n<p class=\"ftvi_citation_quote\">Vu son parcours en l&rsquo;espace d&rsquo;une ann\u00e9e, c&rsquo;est quelque chose d&rsquo;exceptionnel pour moi en tant que p\u00e8re ! Je suis tr\u00e8s fier de son parcours et aussi, elle grandit de son ann\u00e9e en m\u00e9tropole.<\/p>\n<p>Joseph Haeweng, le p\u00e8re de Marie Haeweng<\/p>\n<\/blockquote>\n<p>Marie Haeweng ne se contente pas des entra\u00eenements collectifs. Chaque jour, elle suit un programme individuel de 30 minutes, toujours sous l\u2019\u0153il vigilant du centre d&rsquo;entra\u00eenement provincial volley-ball de la province des \u00celes. Jonathan Taoupoulou, conseiller technique volley-ball, souligne la discipline de la jeune joueuse : \u00ab\u00a0Fin ao\u00fbt 2025, toutes les filles auront des tests physiques \u00e0 passer, il faudra les aider \u00e0 atteindre les objectifs.\u00a0\u00bb<\/p>\n<p>Dans l&rsquo;Hexagone, c\u2019est Kodrue Waheo, son tuteur, qui veille \u00e0 ce que Marie Haeweng garde le cap. Il ne cache pas ses ambitions pour elle : \u00ab\u00a0je souhaite qu&rsquo;elle continue en tant que professionnelle en France et qu&rsquo;elle puisse surtout repr\u00e9senter son papa, sa maman et son \u00eele.\u00a0\u00bb<\/p>\n<p>Marie Haeweng s\u2019appr\u00eate \u00e0 reprendre l\u2019avion le 12 ao\u00fbt 2025, direction l&rsquo;Hexagone, pour poursuivre sa carri\u00e8re sportive. Elle esp\u00e8re suivre les traces de Sabine Haewegene, autre enfant des \u00eeles Loyaut\u00e9, aujourd\u2019hui, en \u00e9quipe de France seniors.<\/p>\n","protected":false},"excerpt":{"rendered":"\u00c0 seulement 15 ans, Marie Haeweng, originaire de la tribu de Jozip \u00e0 Lifou, s\u2019impose comme une \u00e9toile&hellip;\n","protected":false},"author":2,"featured_media":307225,"comment_status":"","ping_status":"","sticky":false,"template":"","format":"standard","meta":{"footnotes":""},"categories":[1417],"tags":[1011,27,60,1470,1469],"class_list":{"0":"post-307224","1":"post","2":"type-post","3":"status-publish","4":"format-standard","5":"has-post-thumbnail","7":"category-volley","8":"tag-fr","9":"tag-france","10":"tag-sports","11":"tag-volley","12":"tag-volleyball"},"share_on_mastodon":{"url":"https:\/\/pubeurope.com\/@fr\/114998630423953999","error":""},"_links":{"self":[{"href":"https:\/\/www.europesays.com\/fr\/wp-json\/wp\/v2\/posts\/307224","targetHints":{"allow":["GET"]}}],"collection":[{"href":"https:\/\/www.europesays.com\/fr\/wp-json\/wp\/v2\/posts"}],"about":[{"href":"https:\/\/www.europesays.com\/fr\/wp-json\/wp\/v2\/types\/post"}],"author":[{"embeddable":true,"href":"https:\/\/www.europesays.com\/fr\/wp-json\/wp\/v2\/users\/2"}],"replies":[{"embeddable":true,"href":"https:\/\/www.europesays.com\/fr\/wp-json\/wp\/v2\/comments?post=307224"}],"version-history":[{"count":0,"href":"https:\/\/www.europesays.com\/fr\/wp-json\/wp\/v2\/posts\/307224\/revisions"}],"wp:featuredmedia":[{"embeddable":true,"href":"https:\/\/www.europesays.com\/fr\/wp-json\/wp\/v2\/media\/307225"}],"wp:attachment":[{"href":"https:\/\/www.europesays.com\/fr\/wp-json\/wp\/v2\/media?parent=307224"}],"wp:term":[{"taxonomy":"category","embeddable":true,"href":"https:\/\/www.europesays.com\/fr\/wp-json\/wp\/v2\/categories?post=307224"},{"taxonomy":"post_tag","embeddable":true,"href":"https:\/\/www.europesays.com\/fr\/wp-json\/wp\/v2\/tags?post=307224"}],"curies":[{"name":"wp","href":"https:\/\/api.w.org\/{rel}","templated":true}]}}